{"id":2124,"date":"2024-02-12T12:50:25","date_gmt":"2024-02-12T11:50:25","guid":{"rendered":"https:\/\/prepast.org\/?p=2124"},"modified":"2024-05-28T09:24:49","modified_gmt":"2024-05-28T08:24:49","slug":"prepast-pastures-i-pastors-del-prepirineu","status":"publish","type":"post","link":"https:\/\/prepast.org\/es\/prepast-pastures-i-pastors-del-prepirineu\/","title":{"rendered":"PREPAST: Pasturas y pastores del Prepirineo"},"content":{"rendered":"<p><\/p>\n\n\n\n<h4 class=\"wp-block-heading\">Se pone en marcha un proyecto de recuperaci\u00f3n de la ganader\u00eda extensiva en el Prepirineo<\/h4>\n\n\n\n<p style=\"margin-bottom:var(--wp--preset--spacing--70)\"><strong>La Asociaci\u00f3n La Sabina ha puesto en marcha el proyecto PREPAST junto con el Centro de Ciencia y Tecnolog\u00eda Forestal de Catalu\u00f1a (CTFC), la Fundaci\u00f3n Pau Costa (FPC) y el Ayuntamiento de \u00c0ger.<\/strong><\/p>\n\n\n\n<p><\/p>\n\n\n\n<p><\/p>\n\n\n\n<p style=\"margin-bottom:var(--wp--preset--spacing--70)\">El proyecto nace para hacer frente a la desaparici\u00f3n de reba\u00f1os extensivos&nbsp;<em>\"teniendo en cuenta que el Macizo del Montsec fue, pocas d\u00e9cadas atr\u00e1s, una de las zonas de Catalu\u00f1a con m\u00e1s reba\u00f1os en r\u00e9gimen extensivo\"<\/em>&nbsp;tal y como afirma Marc Ta\u00fcll del CTFC. Es por ello que desde PREPAST se pretende sentar las bases para recuperar el pastoreo y potenciar la bioeconom\u00eda, la transici\u00f3n ecol\u00f3gica, la adaptaci\u00f3n al cambio clim\u00e1tico y la lucha contra el despoblamiento rural en una de las zonas con menor densidad de poblaci\u00f3n de las comarcas leridanas.&nbsp;<\/p>\n\n\n\n<div class=\"wp-block-uagb-image uagb-block-ad42eb9f wp-block-uagb-image--layout-default wp-block-uagb-image--effect-static wp-block-uagb-image--align-none\"><figure class=\"wp-block-uagb-image__figure\"><img decoding=\"async\" srcset=\"https:\/\/prepast.org\/wp-content\/uploads\/2024\/05\/Prepast-7-1024x679.jpg ,https:\/\/prepast.org\/wp-content\/uploads\/2024\/05\/Prepast-7.jpg 780w, https:\/\/prepast.org\/wp-content\/uploads\/2024\/05\/Prepast-7.jpg 360w\" sizes=\"auto, (max-width: 480px) 150px\" src=\"https:\/\/prepast.org\/wp-content\/uploads\/2024\/05\/Prepast-7-1024x679.jpg\" alt=\"\" class=\"uag-image-2086\" width=\"1024\" height=\"680\" title=\"Prepast 7\" loading=\"lazy\" role=\"img\"\/><\/figure><\/div>\n\n\n\n<p><em>Reba\u00f1o de ovejas cerca de \u00c0ger<\/em><\/p>\n\n\n\n<p>En la primera fase del proyecto, se est\u00e1n definiendo las zonas estrat\u00e9gicas donde promover la ganader\u00eda extensiva para la prevenci\u00f3n del riesgo de incendios y para la mejora de la biodiversidad en Montsec y Boumort a partir de la diagnosis del manejo ganadero actual e hist\u00f3rico.&nbsp;<em>\u201cEs impactante la cantidad de corrales abandonados y espacios forestales sin gestionar que abundan en esta zona del Prepirineo. A trav\u00e9s de la experiencia de Ramats de Foc, queremos ayudar a dinamizar socioecon\u00f3micamente este territorio trabajando con los ganaderos locales, adem\u00e1s de contribuir a la prevenci\u00f3n de incendios generando con el ganado paisajes m\u00e1s resilientes al fuego\u201d&nbsp;<\/em>comenta Merl\u00e8s Mart\u00ednez de la FPC y t\u00e9cnica del proyecto Ramats de Foc<em>.&nbsp;<\/em>En este sentido, se definir\u00e1n cinco zonas donde se llevar\u00e1n a cabo actuaciones demostrativas con actuaciones directas de manejo ganadero en puntos clave para la gesti\u00f3n de incendios forestales definidos por los Bomberos de la Generalitat. Desde el CTFC se realizar\u00e1n los planes de manejo de los reba\u00f1os que se incorporen durante el proyecto, teniendo en cuenta tanto la vertiente productiva, como la prevenci\u00f3n de incendios, el mantenimiento de espacios abiertos, o el mantenimiento de diversidad de h\u00e1bitats y especias.<\/p>\n\n\n\n<div class=\"wp-block-uagb-image uagb-block-1dd1fcbf wp-block-uagb-image--layout-default wp-block-uagb-image--effect-static wp-block-uagb-image--align-none\"><figure class=\"wp-block-uagb-image__figure\"><img decoding=\"async\" srcset=\"https:\/\/prepast.org\/wp-content\/uploads\/2024\/05\/Prepast-30-1024x547.jpg ,https:\/\/prepast.org\/wp-content\/uploads\/2024\/05\/Prepast-30.jpg 780w, https:\/\/prepast.org\/wp-content\/uploads\/2024\/05\/Prepast-30.jpg 360w\" sizes=\"auto, (max-width: 480px) 150px\" src=\"https:\/\/prepast.org\/wp-content\/uploads\/2024\/05\/Prepast-30-1024x547.jpg\" alt=\"\" class=\"uag-image-2109\" width=\"1024\" height=\"680\" title=\"Prepast 30\" loading=\"lazy\" role=\"img\"\/><\/figure><\/div>\n\n\n\n<p style=\"margin-bottom:var(--wp--preset--spacing--70)\"><em>La abundancia de restos de antiguos corrales -cerca de 450 en el Montsec- da fe de la importante actividad ganadera de este territorio. Corral abandonado cerca de Figuerola de Mei\u00e0.<\/em><\/p>\n\n\n\n<p>PREPAST pretende impulsar la recuperaci\u00f3n de la ganader\u00eda extensiva en zonas deprimidas por el importante papel de los reba\u00f1os en el mantenimiento de la biodiversidad. En este sentido, Jordi Bas de La Sabina se\u00f1ala que&nbsp;<em>\u201clos reba\u00f1os de ovejas y cabras no producen tan s\u00f3lo quesos y carne, tambi\u00e9n son una pieza importante en la gesti\u00f3n del entorno natural al crear paisajes en mosaico, mantener puntos de agua que no s\u00f3lo sirven para abrevar el ganado, o proporcionar alimento a grandes carro\u00f1eros como buitre y quebrantahuesos. Son beneficios que a menudo no se consideran pero que de alg\u00fan modo u otro deber\u00edan compensarse a los pastores y ganaderos\u201d.<\/em><\/p>\n\n\n\n<div class=\"wp-block-uagb-image uagb-block-de5c9081 wp-block-uagb-image--layout-default wp-block-uagb-image--effect-static wp-block-uagb-image--align-none\"><figure class=\"wp-block-uagb-image__figure\"><img decoding=\"async\" srcset=\"https:\/\/prepast.org\/wp-content\/uploads\/2024\/05\/PREPAST-39-Cabra-catalana-de-Vilanova-de-Meia-1024x696.jpg ,https:\/\/prepast.org\/wp-content\/uploads\/2024\/05\/PREPAST-39-Cabra-catalana-de-Vilanova-de-Meia.jpg 780w, https:\/\/prepast.org\/wp-content\/uploads\/2024\/05\/PREPAST-39-Cabra-catalana-de-Vilanova-de-Meia.jpg 360w\" sizes=\"auto, (max-width: 480px) 150px\" src=\"https:\/\/prepast.org\/wp-content\/uploads\/2024\/05\/PREPAST-39-Cabra-catalana-de-Vilanova-de-Meia-1024x696.jpg\" alt=\"\" class=\"uag-image-2117\" width=\"1024\" height=\"680\" title=\"PREPAST 39 Cabra catalana de Vilanova de Mei\u00e0\" loading=\"lazy\" role=\"img\"\/><\/figure><\/div>\n\n\n\n<p style=\"margin-bottom:var(--wp--preset--spacing--70)\"><em>Crestones del reba\u00f1o de cabra catalana de Artur y Mateu en Vilanova de Mei\u00e0. Uno de los \u00faltimos reba\u00f1os de caprino que pastan en el Montsec.<\/em><\/p>\n\n\n\n<p>Tambi\u00e9n se presta especial atenci\u00f3n a la reivindicaci\u00f3n social del oficio de pastor y visibilizar los servicios ecosist\u00e9micos derivados de las actividades de pastoreo como la gesti\u00f3n de los espacios forestales o los alimentos de calidad procedentes de los reba\u00f1os. A lo largo del proyecto se dise\u00f1ar\u00e1n actividades tur\u00edsticas en torno al oficio de pastor como una feria de pastores y pastoras del Montsec que se celebrar\u00e1 el pr\u00f3ximo a\u00f1o en \u00c0ger. Mireia Burgu\u00e9s, alcaldesa de \u00c0ger, comenta que,&nbsp;<em>\u201cparticipar en este proyecto nos da la oportunidad de recuperar antiguos oficios que en el pasado hab\u00edan sido garantes del impulso econ\u00f3mico y de la protecci\u00f3n y gesti\u00f3n del medio natural de nuestro territorio y tambi\u00e9n aportar nuevas soluciones para favorecer el arraigo en el municipio de las generaciones presentes y futuras\u201d<\/em>.&nbsp;<\/p>\n\n\n\n<div class=\"wp-block-uagb-image uagb-block-609d0ed1 wp-block-uagb-image--layout-default wp-block-uagb-image--effect-static wp-block-uagb-image--align-none\"><figure class=\"wp-block-uagb-image__figure\"><img decoding=\"async\" srcset=\"https:\/\/prepast.org\/wp-content\/uploads\/2024\/05\/Prepast-7-1024x679.jpg ,https:\/\/prepast.org\/wp-content\/uploads\/2024\/05\/Prepast-7.jpg 780w, https:\/\/prepast.org\/wp-content\/uploads\/2024\/05\/Prepast-7.jpg 360w\" sizes=\"auto, (max-width: 480px) 150px\" src=\"https:\/\/prepast.org\/wp-content\/uploads\/2024\/05\/Prepast-7-1024x679.jpg\" alt=\"\" class=\"uag-image-2086\" width=\"1024\" height=\"680\" title=\"Prepast 7\" loading=\"lazy\" role=\"img\"\/><\/figure><\/div>\n\n\n\n<p style=\"margin-bottom:var(--wp--preset--spacing--70)\"><em>El abandono de la actividad ganadera propicia los grandes incendios forestales. Corral abandonado en Sant Mamet en la zona quemada por el gran incendio de 2022 en Baldom\u00e0.<\/em><\/p>\n\n\n\n<p>El proyecto tiene una duraci\u00f3n de dos a\u00f1os con el objetivo final de sentar las bases para que tenga una continuidad para el futuro creando una gobernanza entre actores p\u00fablicos, entidades privadas y el sector ganadero del territorio. PREPAST cuenta con el apoyo de la<a href=\"https:\/\/3lxu3.r.ag.d.sendibm3.com\/mk\/cl\/f\/sh\/SMK1E8tHeG1QOejj27qq5AhW9D6o\/Wnsbq9uxyov-\" target=\"_blank\" rel=\"noreferrer noopener\">&nbsp;Fundaci\u00f3n Biodiversidad<\/a>&nbsp;del<a href=\"https:\/\/3lxu3.r.ag.d.sendibm3.com\/mk\/cl\/f\/sh\/SMK1E8tHeG8HqnYgDI0KB00G7Vh4\/XvTyPPmrxTw2\" target=\"_blank\" rel=\"noreferrer noopener\">&nbsp;Ministerio para la Transici\u00f3n Ecol\u00f3gica y el Reto Demogr\u00e1fico (MITECO)<\/a>&nbsp;en el marco del<a href=\"https:\/\/3lxu3.r.ag.d.sendibm3.com\/mk\/cl\/f\/sh\/SMK1E8tHeGF9IwNdOS9oGpJ05oHK\/IRV1R6qv09Ar\" target=\"_blank\" rel=\"noreferrer noopener\">&nbsp;Plan de Recuperaci\u00f3n, Transformaci\u00f3n y Resiliencia<\/a>&nbsp;(PRTR), financiado por la<a href=\"https:\/\/3lxu3.r.ag.d.sendibm3.com\/mk\/cl\/f\/sh\/SMK1E8tHeGM0l5CaZcJIMebk46ra\/5UlrfEK8ciYP\" target=\"_blank\" rel=\"noreferrer noopener\">&nbsp;Uni\u00f3n Europea \u2013 Next GenerationEU<\/a>.<\/p>\n\n\n\n<figure class=\"wp-block-gallery has-nested-images columns-default is-cropped uag-hide-desktop uag-hide-tab uag-hide-mob wp-block-gallery-1 is-layout-flex wp-block-gallery-is-layout-flex\">\n<figure class=\"wp-block-image size-large\"><img loading=\"lazy\" decoding=\"async\" width=\"1024\" height=\"377\" data-id=\"1818\" src=\"https:\/\/prepast.org\/wp-content\/uploads\/2024\/05\/Prepast-20-1024x377.jpg\" alt=\"\" class=\"wp-image-1818\" srcset=\"https:\/\/prepast.org\/wp-content\/uploads\/2024\/05\/Prepast-20-1024x377.jpg 1024w, https:\/\/prepast.org\/wp-content\/uploads\/2024\/05\/Prepast-20-300x110.jpg 300w, https:\/\/prepast.org\/wp-content\/uploads\/2024\/05\/Prepast-20-768x283.jpg 768w, https:\/\/prepast.org\/wp-content\/uploads\/2024\/05\/Prepast-20-1536x565.jpg 1536w, https:\/\/prepast.org\/wp-content\/uploads\/2024\/05\/Prepast-20-2048x753.jpg 2048w, https:\/\/prepast.org\/wp-content\/uploads\/2024\/05\/Prepast-20-18x7.jpg 18w\" sizes=\"auto, (max-width: 1024px) 100vw, 1024px\" \/><\/figure>\n\n\n\n<figure class=\"wp-block-image size-large\"><img loading=\"lazy\" decoding=\"async\" width=\"1024\" height=\"680\" data-id=\"1680\" src=\"https:\/\/prepast.org\/wp-content\/uploads\/2024\/04\/ramat-2-1024x680.jpg\" alt=\"\" class=\"wp-image-1680\" srcset=\"https:\/\/prepast.org\/wp-content\/uploads\/2024\/04\/ramat-2-1024x680.jpg 1024w, https:\/\/prepast.org\/wp-content\/uploads\/2024\/04\/ramat-2-300x199.jpg 300w, https:\/\/prepast.org\/wp-content\/uploads\/2024\/04\/ramat-2-768x510.jpg 768w, https:\/\/prepast.org\/wp-content\/uploads\/2024\/04\/ramat-2-1536x1020.jpg 1536w, https:\/\/prepast.org\/wp-content\/uploads\/2024\/04\/ramat-2-18x12.jpg 18w, https:\/\/prepast.org\/wp-content\/uploads\/2024\/04\/ramat-2.jpg 1913w\" sizes=\"auto, (max-width: 1024px) 100vw, 1024px\" \/><\/figure>\n\n\n\n<figure class=\"wp-block-image size-large\"><img decoding=\"async\" data-id=\"1486\" src=\"https:\/\/prepast.org\/wp-content\/uploads\/2024\/03\/photo-1598181162450-56296491375c-1024x683.jpeg\" alt=\"The sheep\" class=\"wp-image-1486\"\/><\/figure>\n\n\n\n<figure class=\"wp-block-image size-large\"><img decoding=\"async\" data-id=\"1484\" src=\"https:\/\/prepast.org\/wp-content\/uploads\/2024\/03\/pexels-photo-841303-1024x682.jpeg\" alt=\"Herd of Cattle in Daytime\" class=\"wp-image-1484\"\/><\/figure>\n<\/figure>","protected":false},"excerpt":{"rendered":"<p>Engega un projecte de recuperaci\u00f3 de la ramaderia extensiva al Prepirineu L\u2019Associaci\u00f3 La Sabina ha engegat el projecte PREPAST juntament amb el Centre de Ci\u00e8ncia i Tecnologia Forestal de Catalunya (CTFC), la Fundaci\u00f3 Pau Costa (FPC) i l\u2019Ajuntament d\u2019\u00c0ger. El projecte neix per tal de fer front a la desaparici\u00f3 de ramats extensius&nbsp;\u201ctenint en compte [&hellip;]<\/p>","protected":false},"author":9,"featured_media":2125,"comment_status":"closed","ping_status":"closed","sticky":false,"template":"","format":"standard","meta":{"_uag_custom_page_level_css":"","site-sidebar-layout":"default","site-content-layout":"","ast-site-content-layout":"narrow-width-container","site-content-style":"default","site-sidebar-style":"default","ast-global-header-display":"","ast-banner-title-visibility":"","ast-main-header-display":"","ast-hfb-above-header-display":"","ast-hfb-below-header-display":"","ast-hfb-mobile-header-display":"","site-post-title":"","ast-breadcrumbs-content":"","ast-featured-img":"","footer-sml-layout":"","ast-disable-related-posts":"","theme-transparent-header-meta":"default","adv-header-id-meta":"","stick-header-meta":"","header-above-stick-meta":"","header-main-stick-meta":"","header-below-stick-meta":"","astra-migrate-meta-layouts":"set","ast-page-background-enabled":"default","ast-page-background-meta":{"desktop":{"background-color":"var(--ast-global-color-4)","background-image":"","background-repeat":"repeat","background-position":"center center","background-size":"auto","background-attachment":"scroll","background-type":"","background-media":"","overlay-type":"","overlay-color":"","overlay-opacity":"","overlay-gradient":""},"tablet":{"background-color":"","background-image":"","background-repeat":"repeat","background-position":"center center","background-size":"auto","background-attachment":"scroll","background-type":"","background-media":"","overlay-type":"","overlay-color":"","overlay-opacity":"","overlay-gradient":""},"mobile":{"background-color":"","background-image":"","background-repeat":"repeat","background-position":"center center","background-size":"auto","background-attachment":"scroll","background-type":"","background-media":"","overlay-type":"","overlay-color":"","overlay-opacity":"","overlay-gradient":""}},"ast-content-background-meta":{"desktop":{"background-color":"var(--ast-global-color-5)","background-image":"","background-repeat":"repeat","background-position":"center center","background-size":"auto","background-attachment":"scroll","background-type":"","background-media":"","overlay-type":"","overlay-color":"","overlay-opacity":"","overlay-gradient":""},"tablet":{"background-color":"var(--ast-global-color-5)","background-image":"","background-repeat":"repeat","background-position":"center center","background-size":"auto","background-attachment":"scroll","background-type":"","background-media":"","overlay-type":"","overlay-color":"","overlay-opacity":"","overlay-gradient":""},"mobile":{"background-color":"var(--ast-global-color-5)","background-image":"","background-repeat":"repeat","background-position":"center center","background-size":"auto","background-attachment":"scroll","background-type":"","background-media":"","overlay-type":"","overlay-color":"","overlay-opacity":"","overlay-gradient":""}},"iawp_total_views":111,"footnotes":""},"categories":[11],"tags":[],"class_list":["post-2124","post","type-post","status-publish","format-standard","has-post-thumbnail","hentry","category-noticies"],"yoast_head":"<!-- This site is optimized with the Yoast SEO plugin v22.6 - https:\/\/yoast.com\/wordpress\/plugins\/seo\/ -->\n<title>PREPAST: Pastures i pastors del Prepirineu - PREPAST<\/title>\n<meta name=\"robots\" content=\"index, follow, max-snippet:-1, max-image-preview:large, max-video-preview:-1\" \/>\n<link rel=\"canonical\" href=\"https:\/\/prepast.org\/es\/prepast-pastures-i-pastors-del-prepirineu\/\" \/>\n<meta property=\"og:locale\" content=\"es_ES\" \/>\n<meta property=\"og:type\" content=\"article\" \/>\n<meta property=\"og:title\" content=\"PREPAST: Pastures i pastors del Prepirineu - PREPAST\" \/>\n<meta property=\"og:description\" content=\"Engega un projecte de recuperaci\u00f3 de la ramaderia extensiva al Prepirineu L\u2019Associaci\u00f3 La Sabina ha engegat el projecte PREPAST juntament amb el Centre de Ci\u00e8ncia i Tecnologia Forestal de Catalunya (CTFC), la Fundaci\u00f3 Pau Costa (FPC) i l\u2019Ajuntament d\u2019\u00c0ger. El projecte neix per tal de fer front a la desaparici\u00f3 de ramats extensius&nbsp;\u201ctenint en compte [&hellip;]\" \/>\n<meta property=\"og:url\" content=\"https:\/\/prepast.org\/es\/prepast-pastures-i-pastors-del-prepirineu\/\" \/>\n<meta property=\"og:site_name\" content=\"PREPAST\" \/>\n<meta property=\"article:published_time\" content=\"2024-02-12T11:50:25+00:00\" \/>\n<meta property=\"article:modified_time\" content=\"2024-05-28T08:24:49+00:00\" \/>\n<meta property=\"og:image\" content=\"https:\/\/prepast.org\/wp-content\/uploads\/2024\/05\/dos-vistes-petit-copia.jpg\" \/>\n\t<meta property=\"og:image:width\" content=\"2000\" \/>\n\t<meta property=\"og:image:height\" content=\"1609\" \/>\n\t<meta property=\"og:image:type\" content=\"image\/jpeg\" \/>\n<meta name=\"author\" content=\"gestiolasabina\" \/>\n<meta name=\"twitter:card\" content=\"summary_large_image\" \/>\n<meta name=\"twitter:creator\" content=\"@projecteprepast\" \/>\n<meta name=\"twitter:site\" content=\"@projecteprepast\" \/>\n<meta name=\"twitter:label1\" content=\"Escrito por\" \/>\n\t<meta name=\"twitter:data1\" content=\"gestiolasabina\" \/>\n\t<meta name=\"twitter:label2\" content=\"Tiempo de lectura\" \/>\n\t<meta name=\"twitter:data2\" content=\"6 minutos\" \/>\n<script type=\"application\/ld+json\" class=\"yoast-schema-graph\">{\"@context\":\"https:\/\/schema.org\",\"@graph\":[{\"@type\":\"Article\",\"@id\":\"https:\/\/prepast.org\/prepast-pastures-i-pastors-del-prepirineu\/#article\",\"isPartOf\":{\"@id\":\"https:\/\/prepast.org\/prepast-pastures-i-pastors-del-prepirineu\/\"},\"author\":{\"name\":\"gestiolasabina\",\"@id\":\"https:\/\/prepast.org\/#\/schema\/person\/b4c8f4ec3cbcb15de67aee56fe2bce77\"},\"headline\":\"PREPAST: Pastures i pastors del Prepirineu\",\"datePublished\":\"2024-02-12T11:50:25+00:00\",\"dateModified\":\"2024-05-28T08:24:49+00:00\",\"mainEntityOfPage\":{\"@id\":\"https:\/\/prepast.org\/prepast-pastures-i-pastors-del-prepirineu\/\"},\"wordCount\":804,\"publisher\":{\"@id\":\"https:\/\/prepast.org\/#organization\"},\"image\":{\"@id\":\"https:\/\/prepast.org\/prepast-pastures-i-pastors-del-prepirineu\/#primaryimage\"},\"thumbnailUrl\":\"https:\/\/prepast.org\/wp-content\/uploads\/2024\/05\/dos-vistes-petit-copia.jpg\",\"articleSection\":[\"Not\u00edcies\"],\"inLanguage\":\"es\"},{\"@type\":\"WebPage\",\"@id\":\"https:\/\/prepast.org\/prepast-pastures-i-pastors-del-prepirineu\/\",\"url\":\"https:\/\/prepast.org\/prepast-pastures-i-pastors-del-prepirineu\/\",\"name\":\"PREPAST: Pastures i pastors del Prepirineu - PREPAST\",\"isPartOf\":{\"@id\":\"https:\/\/prepast.org\/#website\"},\"primaryImageOfPage\":{\"@id\":\"https:\/\/prepast.org\/prepast-pastures-i-pastors-del-prepirineu\/#primaryimage\"},\"image\":{\"@id\":\"https:\/\/prepast.org\/prepast-pastures-i-pastors-del-prepirineu\/#primaryimage\"},\"thumbnailUrl\":\"https:\/\/prepast.org\/wp-content\/uploads\/2024\/05\/dos-vistes-petit-copia.jpg\",\"datePublished\":\"2024-02-12T11:50:25+00:00\",\"dateModified\":\"2024-05-28T08:24:49+00:00\",\"breadcrumb\":{\"@id\":\"https:\/\/prepast.org\/prepast-pastures-i-pastors-del-prepirineu\/#breadcrumb\"},\"inLanguage\":\"es\",\"potentialAction\":[{\"@type\":\"ReadAction\",\"target\":[\"https:\/\/prepast.org\/prepast-pastures-i-pastors-del-prepirineu\/\"]}]},{\"@type\":\"ImageObject\",\"inLanguage\":\"es\",\"@id\":\"https:\/\/prepast.org\/prepast-pastures-i-pastors-del-prepirineu\/#primaryimage\",\"url\":\"https:\/\/prepast.org\/wp-content\/uploads\/2024\/05\/dos-vistes-petit-copia.jpg\",\"contentUrl\":\"https:\/\/prepast.org\/wp-content\/uploads\/2024\/05\/dos-vistes-petit-copia.jpg\",\"width\":2000,\"height\":1609,\"caption\":\"Paisatge abans i despr\u00e9s del PREPAST\"},{\"@type\":\"BreadcrumbList\",\"@id\":\"https:\/\/prepast.org\/prepast-pastures-i-pastors-del-prepirineu\/#breadcrumb\",\"itemListElement\":[{\"@type\":\"ListItem\",\"position\":1,\"name\":\"Inici\",\"item\":\"https:\/\/prepast.org\/\"},{\"@type\":\"ListItem\",\"position\":2,\"name\":\"PREPAST: Pastures i pastors del Prepirineu\"}]},{\"@type\":\"WebSite\",\"@id\":\"https:\/\/prepast.org\/#website\",\"url\":\"https:\/\/prepast.org\/\",\"name\":\"PREPAST\",\"description\":\"Pastures del Prepirineu\",\"publisher\":{\"@id\":\"https:\/\/prepast.org\/#organization\"},\"potentialAction\":[{\"@type\":\"SearchAction\",\"target\":{\"@type\":\"EntryPoint\",\"urlTemplate\":\"https:\/\/prepast.org\/?s={search_term_string}\"},\"query-input\":\"required name=search_term_string\"}],\"inLanguage\":\"es\"},{\"@type\":\"Organization\",\"@id\":\"https:\/\/prepast.org\/#organization\",\"name\":\"PREPAST\",\"url\":\"https:\/\/prepast.org\/\",\"logo\":{\"@type\":\"ImageObject\",\"inLanguage\":\"es\",\"@id\":\"https:\/\/prepast.org\/#\/schema\/logo\/image\/\",\"url\":\"https:\/\/prepast.org\/wp-content\/uploads\/2024\/03\/LOGO-PREPAST.png\",\"contentUrl\":\"https:\/\/prepast.org\/wp-content\/uploads\/2024\/03\/LOGO-PREPAST.png\",\"width\":1095,\"height\":1095,\"caption\":\"PREPAST\"},\"image\":{\"@id\":\"https:\/\/prepast.org\/#\/schema\/logo\/image\/\"},\"sameAs\":[\"https:\/\/x.com\/projecteprepast\",\"https:\/\/www.instagram.com\/projecteprepast\/\"]},{\"@type\":\"Person\",\"@id\":\"https:\/\/prepast.org\/#\/schema\/person\/b4c8f4ec3cbcb15de67aee56fe2bce77\",\"name\":\"gestiolasabina\",\"image\":{\"@type\":\"ImageObject\",\"inLanguage\":\"es\",\"@id\":\"https:\/\/prepast.org\/#\/schema\/person\/image\/\",\"url\":\"https:\/\/secure.gravatar.com\/avatar\/74ecbf952657685a15058cbf09e617497d25b2b61d7cea9c4f786d954d109060?s=96&d=mm&r=g\",\"contentUrl\":\"https:\/\/secure.gravatar.com\/avatar\/74ecbf952657685a15058cbf09e617497d25b2b61d7cea9c4f786d954d109060?s=96&d=mm&r=g\",\"caption\":\"gestiolasabina\"},\"url\":\"https:\/\/prepast.org\/es\/author\/gestiolasabina\/\"}]}<\/script>\n<!-- \/ Yoast SEO plugin. -->","yoast_head_json":{"title":"PREPAST: Pastures i pastors del Prepirineu - PREPAST","robots":{"index":"index","follow":"follow","max-snippet":"max-snippet:-1","max-image-preview":"max-image-preview:large","max-video-preview":"max-video-preview:-1"},"canonical":"https:\/\/prepast.org\/es\/prepast-pastures-i-pastors-del-prepirineu\/","og_locale":"es_ES","og_type":"article","og_title":"PREPAST: Pastures i pastors del Prepirineu - PREPAST","og_description":"Engega un projecte de recuperaci\u00f3 de la ramaderia extensiva al Prepirineu L\u2019Associaci\u00f3 La Sabina ha engegat el projecte PREPAST juntament amb el Centre de Ci\u00e8ncia i Tecnologia Forestal de Catalunya (CTFC), la Fundaci\u00f3 Pau Costa (FPC) i l\u2019Ajuntament d\u2019\u00c0ger. El projecte neix per tal de fer front a la desaparici\u00f3 de ramats extensius&nbsp;\u201ctenint en compte [&hellip;]","og_url":"https:\/\/prepast.org\/es\/prepast-pastures-i-pastors-del-prepirineu\/","og_site_name":"PREPAST","article_published_time":"2024-02-12T11:50:25+00:00","article_modified_time":"2024-05-28T08:24:49+00:00","og_image":[{"width":2000,"height":1609,"url":"https:\/\/prepast.org\/wp-content\/uploads\/2024\/05\/dos-vistes-petit-copia.jpg","type":"image\/jpeg"}],"author":"gestiolasabina","twitter_card":"summary_large_image","twitter_creator":"@projecteprepast","twitter_site":"@projecteprepast","twitter_misc":{"Escrito por":"gestiolasabina","Tiempo de lectura":"6 minutos"},"schema":{"@context":"https:\/\/schema.org","@graph":[{"@type":"Article","@id":"https:\/\/prepast.org\/prepast-pastures-i-pastors-del-prepirineu\/#article","isPartOf":{"@id":"https:\/\/prepast.org\/prepast-pastures-i-pastors-del-prepirineu\/"},"author":{"name":"gestiolasabina","@id":"https:\/\/prepast.org\/#\/schema\/person\/b4c8f4ec3cbcb15de67aee56fe2bce77"},"headline":"PREPAST: Pastures i pastors del Prepirineu","datePublished":"2024-02-12T11:50:25+00:00","dateModified":"2024-05-28T08:24:49+00:00","mainEntityOfPage":{"@id":"https:\/\/prepast.org\/prepast-pastures-i-pastors-del-prepirineu\/"},"wordCount":804,"publisher":{"@id":"https:\/\/prepast.org\/#organization"},"image":{"@id":"https:\/\/prepast.org\/prepast-pastures-i-pastors-del-prepirineu\/#primaryimage"},"thumbnailUrl":"https:\/\/prepast.org\/wp-content\/uploads\/2024\/05\/dos-vistes-petit-copia.jpg","articleSection":["Not\u00edcies"],"inLanguage":"es"},{"@type":"WebPage","@id":"https:\/\/prepast.org\/prepast-pastures-i-pastors-del-prepirineu\/","url":"https:\/\/prepast.org\/prepast-pastures-i-pastors-del-prepirineu\/","name":"PREPAST: Pastures i pastors del Prepirineu - PREPAST","isPartOf":{"@id":"https:\/\/prepast.org\/#website"},"primaryImageOfPage":{"@id":"https:\/\/prepast.org\/prepast-pastures-i-pastors-del-prepirineu\/#primaryimage"},"image":{"@id":"https:\/\/prepast.org\/prepast-pastures-i-pastors-del-prepirineu\/#primaryimage"},"thumbnailUrl":"https:\/\/prepast.org\/wp-content\/uploads\/2024\/05\/dos-vistes-petit-copia.jpg","datePublished":"2024-02-12T11:50:25+00:00","dateModified":"2024-05-28T08:24:49+00:00","breadcrumb":{"@id":"https:\/\/prepast.org\/prepast-pastures-i-pastors-del-prepirineu\/#breadcrumb"},"inLanguage":"es","potentialAction":[{"@type":"ReadAction","target":["https:\/\/prepast.org\/prepast-pastures-i-pastors-del-prepirineu\/"]}]},{"@type":"ImageObject","inLanguage":"es","@id":"https:\/\/prepast.org\/prepast-pastures-i-pastors-del-prepirineu\/#primaryimage","url":"https:\/\/prepast.org\/wp-content\/uploads\/2024\/05\/dos-vistes-petit-copia.jpg","contentUrl":"https:\/\/prepast.org\/wp-content\/uploads\/2024\/05\/dos-vistes-petit-copia.jpg","width":2000,"height":1609,"caption":"Paisatge abans i despr\u00e9s del PREPAST"},{"@type":"BreadcrumbList","@id":"https:\/\/prepast.org\/prepast-pastures-i-pastors-del-prepirineu\/#breadcrumb","itemListElement":[{"@type":"ListItem","position":1,"name":"Inici","item":"https:\/\/prepast.org\/"},{"@type":"ListItem","position":2,"name":"PREPAST: Pastures i pastors del Prepirineu"}]},{"@type":"WebSite","@id":"https:\/\/prepast.org\/#website","url":"https:\/\/prepast.org\/","name":"PREPAST","description":"Pastos del Prepirineo","publisher":{"@id":"https:\/\/prepast.org\/#organization"},"potentialAction":[{"@type":"SearchAction","target":{"@type":"EntryPoint","urlTemplate":"https:\/\/prepast.org\/?s={search_term_string}"},"query-input":"required name=search_term_string"}],"inLanguage":"es"},{"@type":"Organization","@id":"https:\/\/prepast.org\/#organization","name":"PREPAST","url":"https:\/\/prepast.org\/","logo":{"@type":"ImageObject","inLanguage":"es","@id":"https:\/\/prepast.org\/#\/schema\/logo\/image\/","url":"https:\/\/prepast.org\/wp-content\/uploads\/2024\/03\/LOGO-PREPAST.png","contentUrl":"https:\/\/prepast.org\/wp-content\/uploads\/2024\/03\/LOGO-PREPAST.png","width":1095,"height":1095,"caption":"PREPAST"},"image":{"@id":"https:\/\/prepast.org\/#\/schema\/logo\/image\/"},"sameAs":["https:\/\/x.com\/projecteprepast","https:\/\/www.instagram.com\/projecteprepast\/"]},{"@type":"Person","@id":"https:\/\/prepast.org\/#\/schema\/person\/b4c8f4ec3cbcb15de67aee56fe2bce77","name":"gestiolasabina","image":{"@type":"ImageObject","inLanguage":"es","@id":"https:\/\/prepast.org\/#\/schema\/person\/image\/","url":"https:\/\/secure.gravatar.com\/avatar\/74ecbf952657685a15058cbf09e617497d25b2b61d7cea9c4f786d954d109060?s=96&d=mm&r=g","contentUrl":"https:\/\/secure.gravatar.com\/avatar\/74ecbf952657685a15058cbf09e617497d25b2b61d7cea9c4f786d954d109060?s=96&d=mm&r=g","caption":"gestiolasabina"},"url":"https:\/\/prepast.org\/es\/author\/gestiolasabina\/"}]}},"uagb_featured_image_src":{"full":["https:\/\/prepast.org\/wp-content\/uploads\/2024\/05\/dos-vistes-petit-copia.jpg",2000,1609,false],"thumbnail":["https:\/\/prepast.org\/wp-content\/uploads\/2024\/05\/dos-vistes-petit-copia-150x150.jpg",150,150,true],"medium":["https:\/\/prepast.org\/wp-content\/uploads\/2024\/05\/dos-vistes-petit-copia-300x241.jpg",300,241,true],"medium_large":["https:\/\/prepast.org\/wp-content\/uploads\/2024\/05\/dos-vistes-petit-copia-768x618.jpg",768,618,true],"large":["https:\/\/prepast.org\/wp-content\/uploads\/2024\/05\/dos-vistes-petit-copia-1024x824.jpg",1024,824,true],"1536x1536":["https:\/\/prepast.org\/wp-content\/uploads\/2024\/05\/dos-vistes-petit-copia-1536x1236.jpg",1536,1236,true],"2048x2048":["https:\/\/prepast.org\/wp-content\/uploads\/2024\/05\/dos-vistes-petit-copia.jpg",2000,1609,false],"trp-custom-language-flag":["https:\/\/prepast.org\/wp-content\/uploads\/2024\/05\/dos-vistes-petit-copia-15x12.jpg",15,12,true]},"uagb_author_info":{"display_name":"gestiolasabina","author_link":"https:\/\/prepast.org\/es\/author\/gestiolasabina\/"},"uagb_comment_info":0,"uagb_excerpt":"Engega un projecte de recuperaci\u00f3 de la ramaderia extensiva al Prepirineu L\u2019Associaci\u00f3 La Sabina ha engegat el projecte PREPAST juntament amb el Centre de Ci\u00e8ncia i Tecnologia Forestal de Catalunya (CTFC), la Fundaci\u00f3 Pau Costa (FPC) i l\u2019Ajuntament d\u2019\u00c0ger. El projecte neix per tal de fer front a la desaparici\u00f3 de ramats extensius&nbsp;\u201ctenint en compte&hellip;","_links":{"self":[{"href":"https:\/\/prepast.org\/es\/wp-json\/wp\/v2\/posts\/2124","targetHints":{"allow":["GET"]}}],"collection":[{"href":"https:\/\/prepast.org\/es\/wp-json\/wp\/v2\/posts"}],"about":[{"href":"https:\/\/prepast.org\/es\/wp-json\/wp\/v2\/types\/post"}],"author":[{"embeddable":true,"href":"https:\/\/prepast.org\/es\/wp-json\/wp\/v2\/users\/9"}],"replies":[{"embeddable":true,"href":"https:\/\/prepast.org\/es\/wp-json\/wp\/v2\/comments?post=2124"}],"version-history":[{"count":3,"href":"https:\/\/prepast.org\/es\/wp-json\/wp\/v2\/posts\/2124\/revisions"}],"predecessor-version":[{"id":2133,"href":"https:\/\/prepast.org\/es\/wp-json\/wp\/v2\/posts\/2124\/revisions\/2133"}],"wp:featuredmedia":[{"embeddable":true,"href":"https:\/\/prepast.org\/es\/wp-json\/wp\/v2\/media\/2125"}],"wp:attachment":[{"href":"https:\/\/prepast.org\/es\/wp-json\/wp\/v2\/media?parent=2124"}],"wp:term":[{"taxonomy":"category","embeddable":true,"href":"https:\/\/prepast.org\/es\/wp-json\/wp\/v2\/categories?post=2124"},{"taxonomy":"post_tag","embeddable":true,"href":"https:\/\/prepast.org\/es\/wp-json\/wp\/v2\/tags?post=2124"}],"curies":[{"name":"wp","href":"https:\/\/api.w.org\/{rel}","templated":true}]}}