{"id":2128,"date":"2024-05-22T15:06:39","date_gmt":"2024-05-22T14:06:39","guid":{"rendered":"https:\/\/prepast.org\/?p=2128"},"modified":"2024-11-26T13:21:38","modified_gmt":"2024-11-26T12:21:38","slug":"presentem-el-projecte-a-ladministracio-publica-local-i-entitats-del-territori","status":"publish","type":"post","link":"https:\/\/prepast.org\/es\/presentem-el-projecte-a-ladministracio-publica-local-i-entitats-del-territori\/","title":{"rendered":"Presentamos el proyecto en la administraci\u00f3n p\u00fablica local y entidades del territorio"},"content":{"rendered":"<p><\/p>\n\n\n\n<h4 class=\"wp-block-heading\">El pasado jueves 16 de mayo y el lunes 20 de mayo se ha presentado el proyecto PREPAST a las entidades p\u00fablicas y privadas del territorio.<\/h4>\n\n\n\n<p style=\"margin-bottom:var(--wp--preset--spacing--70)\"><\/p>\n\n\n\n<p>La presentaci\u00f3n del d\u00eda 16 tuvo lugar en la sala de plenos de \u00c0ger y la del d\u00eda 20 en la sala Epicentre de Tremp. En total asistieron representantes de 13 ayuntamientos, 3 consejos comarcales y 4 otras entidades del territorio.<\/p>\n\n\n\n<p>Esta presentaci\u00f3n ten\u00eda el objetivo de dar a conocer PREPAST al territorio, de encontrar sinergias con las entidades que est\u00e1n trabajando para el desarrollo rural y de explicar c\u00f3mo se podr\u00e1 dar continuidad una vez finalizado el proyecto para que el territorio se siga beneficiando.&nbsp;<\/p>\n\n\n\n<p><\/p>\n\n\n\n<p>Fruto del encuentro se han intercambiado opiniones y expuesto nuevas ideas. De ahora en adelante se seguir\u00e1 en contacto para trabajar conjuntamente.<\/p>\n\n\n\n<div class=\"wp-block-uagb-image aligncenter uagb-block-ceb4286a wp-block-uagb-image--layout-default wp-block-uagb-image--effect-static wp-block-uagb-image--align-center\"><figure class=\"wp-block-uagb-image__figure\"><img decoding=\"async\" srcset=\"https:\/\/prepast.org\/wp-content\/uploads\/2024\/05\/IMG-20240516-WA0010-1024x472.jpg ,https:\/\/prepast.org\/wp-content\/uploads\/2024\/05\/IMG-20240516-WA0010.jpg 780w, https:\/\/prepast.org\/wp-content\/uploads\/2024\/05\/IMG-20240516-WA0010.jpg 360w\" sizes=\"auto, (max-width: 480px) 150px\" src=\"https:\/\/prepast.org\/wp-content\/uploads\/2024\/05\/IMG-20240516-WA0010-1024x472.jpg\" alt=\"\" class=\"uag-image-2135\" width=\"1024\" height=\"680\" title=\"IMG-20240516-WA0010\" loading=\"lazy\" role=\"img\"\/><\/figure><\/div>","protected":false},"excerpt":{"rendered":"<p>El passat dijous 16 de maig i dilluns 20 de maig s\u2019ha presentat el projecte PREPAST a les entitats p\u00fabliques i privades del territori. La presentaci\u00f3 del dia 16 va tenir lloc a la sala de plens d&#8217;\u00c0ger i la del dia 20 a la sala Epicentre de Tremp. En total van assitir-hi representants de [&hellip;]<\/p>","protected":false},"author":9,"featured_media":2136,"comment_status":"closed","ping_status":"closed","sticky":false,"template":"","format":"standard","meta":{"_uag_custom_page_level_css":"","site-sidebar-layout":"default","site-content-layout":"","ast-site-content-layout":"narrow-width-container","site-content-style":"default","site-sidebar-style":"default","ast-global-header-display":"","ast-banner-title-visibility":"","ast-main-header-display":"","ast-hfb-above-header-display":"","ast-hfb-below-header-display":"","ast-hfb-mobile-header-display":"","site-post-title":"","ast-breadcrumbs-content":"","ast-featured-img":"","footer-sml-layout":"","ast-disable-related-posts":"","theme-transparent-header-meta":"default","adv-header-id-meta":"","stick-header-meta":"","header-above-stick-meta":"","header-main-stick-meta":"","header-below-stick-meta":"","astra-migrate-meta-layouts":"set","ast-page-background-enabled":"default","ast-page-background-meta":{"desktop":{"background-color":"var(--ast-global-color-4)","background-image":"","background-repeat":"repeat","background-position":"center center","background-size":"auto","background-attachment":"scroll","background-type":"","background-media":"","overlay-type":"","overlay-color":"","overlay-opacity":"","overlay-gradient":""},"tablet":{"background-color":"","background-image":"","background-repeat":"repeat","background-position":"center center","background-size":"auto","background-attachment":"scroll","background-type":"","background-media":"","overlay-type":"","overlay-color":"","overlay-opacity":"","overlay-gradient":""},"mobile":{"background-color":"","background-image":"","background-repeat":"repeat","background-position":"center center","background-size":"auto","background-attachment":"scroll","background-type":"","background-media":"","overlay-type":"","overlay-color":"","overlay-opacity":"","overlay-gradient":""}},"ast-content-background-meta":{"desktop":{"background-color":"var(--ast-global-color-5)","background-image":"","background-repeat":"repeat","background-position":"center center","background-size":"auto","background-attachment":"scroll","background-type":"","background-media":"","overlay-type":"","overlay-color":"","overlay-opacity":"","overlay-gradient":""},"tablet":{"background-color":"var(--ast-global-color-5)","background-image":"","background-repeat":"repeat","background-position":"center center","background-size":"auto","background-attachment":"scroll","background-type":"","background-media":"","overlay-type":"","overlay-color":"","overlay-opacity":"","overlay-gradient":""},"mobile":{"background-color":"var(--ast-global-color-5)","background-image":"","background-repeat":"repeat","background-position":"center center","background-size":"auto","background-attachment":"scroll","background-type":"","background-media":"","overlay-type":"","overlay-color":"","overlay-opacity":"","overlay-gradient":""}},"iawp_total_views":30,"footnotes":""},"categories":[11],"tags":[],"class_list":["post-2128","post","type-post","status-publish","format-standard","has-post-thumbnail","hentry","category-noticies"],"yoast_head":"<!-- This site is optimized with the Yoast SEO plugin v22.6 - https:\/\/yoast.com\/wordpress\/plugins\/seo\/ -->\n<title>Presentem el projecte a l&#039;administraci\u00f3 p\u00fablica local i entitats del territori - PREPAST<\/title>\n<meta name=\"robots\" content=\"index, follow, max-snippet:-1, max-image-preview:large, max-video-preview:-1\" \/>\n<link rel=\"canonical\" href=\"https:\/\/prepast.org\/es\/presentem-el-projecte-a-ladministracio-publica-local-i-entitats-del-territori\/\" \/>\n<meta property=\"og:locale\" content=\"es_ES\" \/>\n<meta property=\"og:type\" content=\"article\" \/>\n<meta property=\"og:title\" content=\"Presentem el projecte a l&#039;administraci\u00f3 p\u00fablica local i entitats del territori - PREPAST\" \/>\n<meta property=\"og:description\" content=\"El passat dijous 16 de maig i dilluns 20 de maig s\u2019ha presentat el projecte PREPAST a les entitats p\u00fabliques i privades del territori. La presentaci\u00f3 del dia 16 va tenir lloc a la sala de plens d&#8217;\u00c0ger i la del dia 20 a la sala Epicentre de Tremp. En total van assitir-hi representants de [&hellip;]\" \/>\n<meta property=\"og:url\" content=\"https:\/\/prepast.org\/es\/presentem-el-projecte-a-ladministracio-publica-local-i-entitats-del-territori\/\" \/>\n<meta property=\"og:site_name\" content=\"PREPAST\" \/>\n<meta property=\"article:published_time\" content=\"2024-05-22T14:06:39+00:00\" \/>\n<meta property=\"article:modified_time\" content=\"2024-11-26T12:21:38+00:00\" \/>\n<meta property=\"og:image\" content=\"https:\/\/prepast.org\/wp-content\/uploads\/2024\/05\/IMG20240520101548b.jpg\" \/>\n\t<meta property=\"og:image:width\" content=\"2040\" \/>\n\t<meta property=\"og:image:height\" content=\"1536\" \/>\n\t<meta property=\"og:image:type\" content=\"image\/jpeg\" \/>\n<meta name=\"author\" content=\"gestiolasabina\" \/>\n<meta name=\"twitter:card\" content=\"summary_large_image\" \/>\n<meta name=\"twitter:creator\" content=\"@projecteprepast\" \/>\n<meta name=\"twitter:site\" content=\"@projecteprepast\" \/>\n<meta name=\"twitter:label1\" content=\"Escrito por\" \/>\n\t<meta name=\"twitter:data1\" content=\"gestiolasabina\" \/>\n\t<meta name=\"twitter:label2\" content=\"Tiempo de lectura\" \/>\n\t<meta name=\"twitter:data2\" content=\"2 minutos\" \/>\n<script type=\"application\/ld+json\" class=\"yoast-schema-graph\">{\"@context\":\"https:\/\/schema.org\",\"@graph\":[{\"@type\":\"Article\",\"@id\":\"https:\/\/prepast.org\/presentem-el-projecte-a-ladministracio-publica-local-i-entitats-del-territori\/#article\",\"isPartOf\":{\"@id\":\"https:\/\/prepast.org\/presentem-el-projecte-a-ladministracio-publica-local-i-entitats-del-territori\/\"},\"author\":{\"name\":\"gestiolasabina\",\"@id\":\"https:\/\/prepast.org\/#\/schema\/person\/b4c8f4ec3cbcb15de67aee56fe2bce77\"},\"headline\":\"Presentem el projecte a l&#8217;administraci\u00f3 p\u00fablica local i entitats del territori\",\"datePublished\":\"2024-05-22T14:06:39+00:00\",\"dateModified\":\"2024-11-26T12:21:38+00:00\",\"mainEntityOfPage\":{\"@id\":\"https:\/\/prepast.org\/presentem-el-projecte-a-ladministracio-publica-local-i-entitats-del-territori\/\"},\"wordCount\":148,\"publisher\":{\"@id\":\"https:\/\/prepast.org\/#organization\"},\"image\":{\"@id\":\"https:\/\/prepast.org\/presentem-el-projecte-a-ladministracio-publica-local-i-entitats-del-territori\/#primaryimage\"},\"thumbnailUrl\":\"https:\/\/prepast.org\/wp-content\/uploads\/2024\/05\/IMG20240520101548b.jpg\",\"articleSection\":[\"Not\u00edcies\"],\"inLanguage\":\"es\"},{\"@type\":\"WebPage\",\"@id\":\"https:\/\/prepast.org\/presentem-el-projecte-a-ladministracio-publica-local-i-entitats-del-territori\/\",\"url\":\"https:\/\/prepast.org\/presentem-el-projecte-a-ladministracio-publica-local-i-entitats-del-territori\/\",\"name\":\"Presentem el projecte a l'administraci\u00f3 p\u00fablica local i entitats del territori - PREPAST\",\"isPartOf\":{\"@id\":\"https:\/\/prepast.org\/#website\"},\"primaryImageOfPage\":{\"@id\":\"https:\/\/prepast.org\/presentem-el-projecte-a-ladministracio-publica-local-i-entitats-del-territori\/#primaryimage\"},\"image\":{\"@id\":\"https:\/\/prepast.org\/presentem-el-projecte-a-ladministracio-publica-local-i-entitats-del-territori\/#primaryimage\"},\"thumbnailUrl\":\"https:\/\/prepast.org\/wp-content\/uploads\/2024\/05\/IMG20240520101548b.jpg\",\"datePublished\":\"2024-05-22T14:06:39+00:00\",\"dateModified\":\"2024-11-26T12:21:38+00:00\",\"breadcrumb\":{\"@id\":\"https:\/\/prepast.org\/presentem-el-projecte-a-ladministracio-publica-local-i-entitats-del-territori\/#breadcrumb\"},\"inLanguage\":\"es\",\"potentialAction\":[{\"@type\":\"ReadAction\",\"target\":[\"https:\/\/prepast.org\/presentem-el-projecte-a-ladministracio-publica-local-i-entitats-del-territori\/\"]}]},{\"@type\":\"ImageObject\",\"inLanguage\":\"es\",\"@id\":\"https:\/\/prepast.org\/presentem-el-projecte-a-ladministracio-publica-local-i-entitats-del-territori\/#primaryimage\",\"url\":\"https:\/\/prepast.org\/wp-content\/uploads\/2024\/05\/IMG20240520101548b.jpg\",\"contentUrl\":\"https:\/\/prepast.org\/wp-content\/uploads\/2024\/05\/IMG20240520101548b.jpg\",\"width\":2040,\"height\":1536,\"caption\":\"Presentaci\u00f3 PREPAST a entitats del territori\"},{\"@type\":\"BreadcrumbList\",\"@id\":\"https:\/\/prepast.org\/presentem-el-projecte-a-ladministracio-publica-local-i-entitats-del-territori\/#breadcrumb\",\"itemListElement\":[{\"@type\":\"ListItem\",\"position\":1,\"name\":\"Inici\",\"item\":\"https:\/\/prepast.org\/\"},{\"@type\":\"ListItem\",\"position\":2,\"name\":\"Presentem el projecte a l&#8217;administraci\u00f3 p\u00fablica local i entitats del territori\"}]},{\"@type\":\"WebSite\",\"@id\":\"https:\/\/prepast.org\/#website\",\"url\":\"https:\/\/prepast.org\/\",\"name\":\"PREPAST\",\"description\":\"Pastures del Prepirineu\",\"publisher\":{\"@id\":\"https:\/\/prepast.org\/#organization\"},\"potentialAction\":[{\"@type\":\"SearchAction\",\"target\":{\"@type\":\"EntryPoint\",\"urlTemplate\":\"https:\/\/prepast.org\/?s={search_term_string}\"},\"query-input\":\"required name=search_term_string\"}],\"inLanguage\":\"es\"},{\"@type\":\"Organization\",\"@id\":\"https:\/\/prepast.org\/#organization\",\"name\":\"PREPAST\",\"url\":\"https:\/\/prepast.org\/\",\"logo\":{\"@type\":\"ImageObject\",\"inLanguage\":\"es\",\"@id\":\"https:\/\/prepast.org\/#\/schema\/logo\/image\/\",\"url\":\"https:\/\/prepast.org\/wp-content\/uploads\/2024\/03\/LOGO-PREPAST.png\",\"contentUrl\":\"https:\/\/prepast.org\/wp-content\/uploads\/2024\/03\/LOGO-PREPAST.png\",\"width\":1095,\"height\":1095,\"caption\":\"PREPAST\"},\"image\":{\"@id\":\"https:\/\/prepast.org\/#\/schema\/logo\/image\/\"},\"sameAs\":[\"https:\/\/x.com\/projecteprepast\",\"https:\/\/www.instagram.com\/projecteprepast\/\"]},{\"@type\":\"Person\",\"@id\":\"https:\/\/prepast.org\/#\/schema\/person\/b4c8f4ec3cbcb15de67aee56fe2bce77\",\"name\":\"gestiolasabina\",\"image\":{\"@type\":\"ImageObject\",\"inLanguage\":\"es\",\"@id\":\"https:\/\/prepast.org\/#\/schema\/person\/image\/\",\"url\":\"https:\/\/secure.gravatar.com\/avatar\/74ecbf952657685a15058cbf09e617497d25b2b61d7cea9c4f786d954d109060?s=96&d=mm&r=g\",\"contentUrl\":\"https:\/\/secure.gravatar.com\/avatar\/74ecbf952657685a15058cbf09e617497d25b2b61d7cea9c4f786d954d109060?s=96&d=mm&r=g\",\"caption\":\"gestiolasabina\"},\"url\":\"https:\/\/prepast.org\/es\/author\/gestiolasabina\/\"}]}<\/script>\n<!-- \/ Yoast SEO plugin. -->","yoast_head_json":{"title":"Presentem el projecte a l'administraci\u00f3 p\u00fablica local i entitats del territori - PREPAST","robots":{"index":"index","follow":"follow","max-snippet":"max-snippet:-1","max-image-preview":"max-image-preview:large","max-video-preview":"max-video-preview:-1"},"canonical":"https:\/\/prepast.org\/es\/presentem-el-projecte-a-ladministracio-publica-local-i-entitats-del-territori\/","og_locale":"es_ES","og_type":"article","og_title":"Presentem el projecte a l'administraci\u00f3 p\u00fablica local i entitats del territori - PREPAST","og_description":"El passat dijous 16 de maig i dilluns 20 de maig s\u2019ha presentat el projecte PREPAST a les entitats p\u00fabliques i privades del territori. La presentaci\u00f3 del dia 16 va tenir lloc a la sala de plens d&#8217;\u00c0ger i la del dia 20 a la sala Epicentre de Tremp. En total van assitir-hi representants de [&hellip;]","og_url":"https:\/\/prepast.org\/es\/presentem-el-projecte-a-ladministracio-publica-local-i-entitats-del-territori\/","og_site_name":"PREPAST","article_published_time":"2024-05-22T14:06:39+00:00","article_modified_time":"2024-11-26T12:21:38+00:00","og_image":[{"width":2040,"height":1536,"url":"https:\/\/prepast.org\/wp-content\/uploads\/2024\/05\/IMG20240520101548b.jpg","type":"image\/jpeg"}],"author":"gestiolasabina","twitter_card":"summary_large_image","twitter_creator":"@projecteprepast","twitter_site":"@projecteprepast","twitter_misc":{"Escrito por":"gestiolasabina","Tiempo de lectura":"2 minutos"},"schema":{"@context":"https:\/\/schema.org","@graph":[{"@type":"Article","@id":"https:\/\/prepast.org\/presentem-el-projecte-a-ladministracio-publica-local-i-entitats-del-territori\/#article","isPartOf":{"@id":"https:\/\/prepast.org\/presentem-el-projecte-a-ladministracio-publica-local-i-entitats-del-territori\/"},"author":{"name":"gestiolasabina","@id":"https:\/\/prepast.org\/#\/schema\/person\/b4c8f4ec3cbcb15de67aee56fe2bce77"},"headline":"Presentem el projecte a l&#8217;administraci\u00f3 p\u00fablica local i entitats del territori","datePublished":"2024-05-22T14:06:39+00:00","dateModified":"2024-11-26T12:21:38+00:00","mainEntityOfPage":{"@id":"https:\/\/prepast.org\/presentem-el-projecte-a-ladministracio-publica-local-i-entitats-del-territori\/"},"wordCount":148,"publisher":{"@id":"https:\/\/prepast.org\/#organization"},"image":{"@id":"https:\/\/prepast.org\/presentem-el-projecte-a-ladministracio-publica-local-i-entitats-del-territori\/#primaryimage"},"thumbnailUrl":"https:\/\/prepast.org\/wp-content\/uploads\/2024\/05\/IMG20240520101548b.jpg","articleSection":["Not\u00edcies"],"inLanguage":"es"},{"@type":"WebPage","@id":"https:\/\/prepast.org\/presentem-el-projecte-a-ladministracio-publica-local-i-entitats-del-territori\/","url":"https:\/\/prepast.org\/presentem-el-projecte-a-ladministracio-publica-local-i-entitats-del-territori\/","name":"Presentem el projecte a l'administraci\u00f3 p\u00fablica local i entitats del territori - PREPAST","isPartOf":{"@id":"https:\/\/prepast.org\/#website"},"primaryImageOfPage":{"@id":"https:\/\/prepast.org\/presentem-el-projecte-a-ladministracio-publica-local-i-entitats-del-territori\/#primaryimage"},"image":{"@id":"https:\/\/prepast.org\/presentem-el-projecte-a-ladministracio-publica-local-i-entitats-del-territori\/#primaryimage"},"thumbnailUrl":"https:\/\/prepast.org\/wp-content\/uploads\/2024\/05\/IMG20240520101548b.jpg","datePublished":"2024-05-22T14:06:39+00:00","dateModified":"2024-11-26T12:21:38+00:00","breadcrumb":{"@id":"https:\/\/prepast.org\/presentem-el-projecte-a-ladministracio-publica-local-i-entitats-del-territori\/#breadcrumb"},"inLanguage":"es","potentialAction":[{"@type":"ReadAction","target":["https:\/\/prepast.org\/presentem-el-projecte-a-ladministracio-publica-local-i-entitats-del-territori\/"]}]},{"@type":"ImageObject","inLanguage":"es","@id":"https:\/\/prepast.org\/presentem-el-projecte-a-ladministracio-publica-local-i-entitats-del-territori\/#primaryimage","url":"https:\/\/prepast.org\/wp-content\/uploads\/2024\/05\/IMG20240520101548b.jpg","contentUrl":"https:\/\/prepast.org\/wp-content\/uploads\/2024\/05\/IMG20240520101548b.jpg","width":2040,"height":1536,"caption":"Presentaci\u00f3 PREPAST a entitats del territori"},{"@type":"BreadcrumbList","@id":"https:\/\/prepast.org\/presentem-el-projecte-a-ladministracio-publica-local-i-entitats-del-territori\/#breadcrumb","itemListElement":[{"@type":"ListItem","position":1,"name":"Inici","item":"https:\/\/prepast.org\/"},{"@type":"ListItem","position":2,"name":"Presentem el projecte a l&#8217;administraci\u00f3 p\u00fablica local i entitats del territori"}]},{"@type":"WebSite","@id":"https:\/\/prepast.org\/#website","url":"https:\/\/prepast.org\/","name":"PREPAST","description":"Pastos del Prepirineo","publisher":{"@id":"https:\/\/prepast.org\/#organization"},"potentialAction":[{"@type":"SearchAction","target":{"@type":"EntryPoint","urlTemplate":"https:\/\/prepast.org\/?s={search_term_string}"},"query-input":"required name=search_term_string"}],"inLanguage":"es"},{"@type":"Organization","@id":"https:\/\/prepast.org\/#organization","name":"PREPAST","url":"https:\/\/prepast.org\/","logo":{"@type":"ImageObject","inLanguage":"es","@id":"https:\/\/prepast.org\/#\/schema\/logo\/image\/","url":"https:\/\/prepast.org\/wp-content\/uploads\/2024\/03\/LOGO-PREPAST.png","contentUrl":"https:\/\/prepast.org\/wp-content\/uploads\/2024\/03\/LOGO-PREPAST.png","width":1095,"height":1095,"caption":"PREPAST"},"image":{"@id":"https:\/\/prepast.org\/#\/schema\/logo\/image\/"},"sameAs":["https:\/\/x.com\/projecteprepast","https:\/\/www.instagram.com\/projecteprepast\/"]},{"@type":"Person","@id":"https:\/\/prepast.org\/#\/schema\/person\/b4c8f4ec3cbcb15de67aee56fe2bce77","name":"gestiolasabina","image":{"@type":"ImageObject","inLanguage":"es","@id":"https:\/\/prepast.org\/#\/schema\/person\/image\/","url":"https:\/\/secure.gravatar.com\/avatar\/74ecbf952657685a15058cbf09e617497d25b2b61d7cea9c4f786d954d109060?s=96&d=mm&r=g","contentUrl":"https:\/\/secure.gravatar.com\/avatar\/74ecbf952657685a15058cbf09e617497d25b2b61d7cea9c4f786d954d109060?s=96&d=mm&r=g","caption":"gestiolasabina"},"url":"https:\/\/prepast.org\/es\/author\/gestiolasabina\/"}]}},"uagb_featured_image_src":{"full":["https:\/\/prepast.org\/wp-content\/uploads\/2024\/05\/IMG20240520101548b.jpg",2040,1536,false],"thumbnail":["https:\/\/prepast.org\/wp-content\/uploads\/2024\/05\/IMG20240520101548b-150x150.jpg",150,150,true],"medium":["https:\/\/prepast.org\/wp-content\/uploads\/2024\/05\/IMG20240520101548b-300x226.jpg",300,226,true],"medium_large":["https:\/\/prepast.org\/wp-content\/uploads\/2024\/05\/IMG20240520101548b-768x578.jpg",768,578,true],"large":["https:\/\/prepast.org\/wp-content\/uploads\/2024\/05\/IMG20240520101548b-1024x771.jpg",1024,771,true],"1536x1536":["https:\/\/prepast.org\/wp-content\/uploads\/2024\/05\/IMG20240520101548b-1536x1157.jpg",1536,1157,true],"2048x2048":["https:\/\/prepast.org\/wp-content\/uploads\/2024\/05\/IMG20240520101548b.jpg",2040,1536,false],"trp-custom-language-flag":["https:\/\/prepast.org\/wp-content\/uploads\/2024\/05\/IMG20240520101548b-16x12.jpg",16,12,true]},"uagb_author_info":{"display_name":"gestiolasabina","author_link":"https:\/\/prepast.org\/es\/author\/gestiolasabina\/"},"uagb_comment_info":0,"uagb_excerpt":"El passat dijous 16 de maig i dilluns 20 de maig s\u2019ha presentat el projecte PREPAST a les entitats p\u00fabliques i privades del territori. La presentaci\u00f3 del dia 16 va tenir lloc a la sala de plens d&#8217;\u00c0ger i la del dia 20 a la sala Epicentre de Tremp. En total van assitir-hi representants de&hellip;","_links":{"self":[{"href":"https:\/\/prepast.org\/es\/wp-json\/wp\/v2\/posts\/2128","targetHints":{"allow":["GET"]}}],"collection":[{"href":"https:\/\/prepast.org\/es\/wp-json\/wp\/v2\/posts"}],"about":[{"href":"https:\/\/prepast.org\/es\/wp-json\/wp\/v2\/types\/post"}],"author":[{"embeddable":true,"href":"https:\/\/prepast.org\/es\/wp-json\/wp\/v2\/users\/9"}],"replies":[{"embeddable":true,"href":"https:\/\/prepast.org\/es\/wp-json\/wp\/v2\/comments?post=2128"}],"version-history":[{"count":7,"href":"https:\/\/prepast.org\/es\/wp-json\/wp\/v2\/posts\/2128\/revisions"}],"predecessor-version":[{"id":2259,"href":"https:\/\/prepast.org\/es\/wp-json\/wp\/v2\/posts\/2128\/revisions\/2259"}],"wp:featuredmedia":[{"embeddable":true,"href":"https:\/\/prepast.org\/es\/wp-json\/wp\/v2\/media\/2136"}],"wp:attachment":[{"href":"https:\/\/prepast.org\/es\/wp-json\/wp\/v2\/media?parent=2128"}],"wp:term":[{"taxonomy":"category","embeddable":true,"href":"https:\/\/prepast.org\/es\/wp-json\/wp\/v2\/categories?post=2128"},{"taxonomy":"post_tag","embeddable":true,"href":"https:\/\/prepast.org\/es\/wp-json\/wp\/v2\/tags?post=2128"}],"curies":[{"name":"wp","href":"https:\/\/api.w.org\/{rel}","templated":true}]}}