{"id":2190,"date":"2024-06-07T09:52:17","date_gmt":"2024-06-07T08:52:17","guid":{"rendered":"https:\/\/prepast.org\/?p=2190"},"modified":"2024-11-26T10:03:10","modified_gmt":"2024-11-26T09:03:10","slug":"participem-presentacio-projectes-impuls-bioeconomia-forestal-de-catalunya","status":"publish","type":"post","link":"https:\/\/prepast.org\/es\/participem-presentacio-projectes-impuls-bioeconomia-forestal-de-catalunya\/","title":{"rendered":"Participamos en la presentaci\u00f3n de 15 proyectos de impulso a la bioeconom\u00eda forestal de Catalu\u00f1a"},"content":{"rendered":"<p><\/p>\n\n\n\n<h4 class=\"wp-block-heading\">El pasado jueves 6 de junio presentamos el PREPAST en el auditorio de la Pedrera en Barcelona, \u200b\u200bjunto con los otros 14 proyectos de la convocatoria de bioeconom\u00eda forestal de \u00e1mbito catal\u00e1n.<\/h4>\n\n\n\n<p>PREPAST se present\u00f3 junto a los proyectos OVIHUEC.DAT y BEEF, todos encarados a potenciar la ganader\u00eda extensiva en el territorio. Al finalizar las presentaciones tuvo lugar un Marketplace para intercambiar experiencias entre los participantes.<\/p>\n\n\n\n<div class=\"wp-block-uagb-image uagb-block-ceb4286a wp-block-uagb-image--layout-default wp-block-uagb-image--effect-static wp-block-uagb-image--align-none\"><figure class=\"wp-block-uagb-image__figure\"><img decoding=\"async\" srcset=\"https:\/\/prepast.org\/wp-content\/uploads\/2024\/06\/060624-Presentacio-La-Pedrera-2-1024x768.jpg ,https:\/\/prepast.org\/wp-content\/uploads\/2024\/06\/060624-Presentacio-La-Pedrera-2.jpg 780w, https:\/\/prepast.org\/wp-content\/uploads\/2024\/06\/060624-Presentacio-La-Pedrera-2.jpg 360w\" sizes=\"auto, (max-width: 480px) 150px\" src=\"https:\/\/prepast.org\/wp-content\/uploads\/2024\/06\/060624-Presentacio-La-Pedrera-2-1024x768.jpg\" alt=\"Taula de presentaci\u00f3 de projectes de ramaderia extensiva\" class=\"uag-image-2194\" width=\"1024\" height=\"680\" title=\"060624 Presentacio La Pedrera 2\" loading=\"lazy\" role=\"img\"\/><\/figure><\/div>","protected":false},"excerpt":{"rendered":"<p>El passat dijous 6 de juny vam presentar el PREPAST a l\u2019auditori de la Pedrera a Barcelona, juntament amb els altres 14 projectes de la convocatoria de bioeconom\u00eda forestal d\u2019\u00e0mbit catal\u00e0. PREPAST es va presentar juntament amb els projectes OVIHUEC.DAT i BEEF, tots encarats a potenciar la ramaderia extensiva al territori. Al finalizar les presentacions [&hellip;]<\/p>","protected":false},"author":9,"featured_media":2192,"comment_status":"closed","ping_status":"closed","sticky":false,"template":"","format":"standard","meta":{"_uag_custom_page_level_css":"","site-sidebar-layout":"default","site-content-layout":"","ast-site-content-layout":"narrow-width-container","site-content-style":"default","site-sidebar-style":"default","ast-global-header-display":"","ast-banner-title-visibility":"","ast-main-header-display":"","ast-hfb-above-header-display":"","ast-hfb-below-header-display":"","ast-hfb-mobile-header-display":"","site-post-title":"","ast-breadcrumbs-content":"","ast-featured-img":"","footer-sml-layout":"","ast-disable-related-posts":"","theme-transparent-header-meta":"default","adv-header-id-meta":"","stick-header-meta":"","header-above-stick-meta":"","header-main-stick-meta":"","header-below-stick-meta":"","astra-migrate-meta-layouts":"set","ast-page-background-enabled":"default","ast-page-background-meta":{"desktop":{"background-color":"var(--ast-global-color-4)","background-image":"","background-repeat":"repeat","background-position":"center center","background-size":"auto","background-attachment":"scroll","background-type":"","background-media":"","overlay-type":"","overlay-color":"","overlay-opacity":"","overlay-gradient":""},"tablet":{"background-color":"","background-image":"","background-repeat":"repeat","background-position":"center center","background-size":"auto","background-attachment":"scroll","background-type":"","background-media":"","overlay-type":"","overlay-color":"","overlay-opacity":"","overlay-gradient":""},"mobile":{"background-color":"","background-image":"","background-repeat":"repeat","background-position":"center center","background-size":"auto","background-attachment":"scroll","background-type":"","background-media":"","overlay-type":"","overlay-color":"","overlay-opacity":"","overlay-gradient":""}},"ast-content-background-meta":{"desktop":{"background-color":"var(--ast-global-color-5)","background-image":"","background-repeat":"repeat","background-position":"center center","background-size":"auto","background-attachment":"scroll","background-type":"","background-media":"","overlay-type":"","overlay-color":"","overlay-opacity":"","overlay-gradient":""},"tablet":{"background-color":"var(--ast-global-color-5)","background-image":"","background-repeat":"repeat","background-position":"center center","background-size":"auto","background-attachment":"scroll","background-type":"","background-media":"","overlay-type":"","overlay-color":"","overlay-opacity":"","overlay-gradient":""},"mobile":{"background-color":"var(--ast-global-color-5)","background-image":"","background-repeat":"repeat","background-position":"center center","background-size":"auto","background-attachment":"scroll","background-type":"","background-media":"","overlay-type":"","overlay-color":"","overlay-opacity":"","overlay-gradient":""}},"iawp_total_views":35,"footnotes":""},"categories":[11],"tags":[],"class_list":["post-2190","post","type-post","status-publish","format-standard","has-post-thumbnail","hentry","category-noticies"],"yoast_head":"<!-- This site is optimized with the Yoast SEO plugin v22.6 - https:\/\/yoast.com\/wordpress\/plugins\/seo\/ -->\n<title>Participem a la presentaci\u00f3 de 15 projectes d&#039;impuls a la bioeconomia forestal de Catalunya - PREPAST<\/title>\n<meta name=\"robots\" content=\"index, follow, max-snippet:-1, max-image-preview:large, max-video-preview:-1\" \/>\n<link rel=\"canonical\" href=\"https:\/\/prepast.org\/es\/participem-presentacio-projectes-impuls-bioeconomia-forestal-de-catalunya\/\" \/>\n<meta property=\"og:locale\" content=\"es_ES\" \/>\n<meta property=\"og:type\" content=\"article\" \/>\n<meta property=\"og:title\" content=\"Participem a la presentaci\u00f3 de 15 projectes d&#039;impuls a la bioeconomia forestal de Catalunya - PREPAST\" \/>\n<meta property=\"og:description\" content=\"El passat dijous 6 de juny vam presentar el PREPAST a l\u2019auditori de la Pedrera a Barcelona, juntament amb els altres 14 projectes de la convocatoria de bioeconom\u00eda forestal d\u2019\u00e0mbit catal\u00e0. PREPAST es va presentar juntament amb els projectes OVIHUEC.DAT i BEEF, tots encarats a potenciar la ramaderia extensiva al territori. Al finalizar les presentacions [&hellip;]\" \/>\n<meta property=\"og:url\" content=\"https:\/\/prepast.org\/es\/participem-presentacio-projectes-impuls-bioeconomia-forestal-de-catalunya\/\" \/>\n<meta property=\"og:site_name\" content=\"PREPAST\" \/>\n<meta property=\"article:published_time\" content=\"2024-06-07T08:52:17+00:00\" \/>\n<meta property=\"article:modified_time\" content=\"2024-11-26T09:03:10+00:00\" \/>\n<meta property=\"og:image\" content=\"https:\/\/prepast.org\/wp-content\/uploads\/2024\/06\/060624-Presentacio-La-Pedrera-3.jpg\" \/>\n\t<meta property=\"og:image:width\" content=\"1600\" \/>\n\t<meta property=\"og:image:height\" content=\"1204\" \/>\n\t<meta property=\"og:image:type\" content=\"image\/jpeg\" \/>\n<meta name=\"author\" content=\"gestiolasabina\" \/>\n<meta name=\"twitter:card\" content=\"summary_large_image\" \/>\n<meta name=\"twitter:creator\" content=\"@projecteprepast\" \/>\n<meta name=\"twitter:site\" content=\"@projecteprepast\" \/>\n<meta name=\"twitter:label1\" content=\"Escrito por\" \/>\n\t<meta name=\"twitter:data1\" content=\"gestiolasabina\" \/>\n\t<meta name=\"twitter:label2\" content=\"Tiempo de lectura\" \/>\n\t<meta name=\"twitter:data2\" content=\"1 minuto\" \/>\n<script type=\"application\/ld+json\" class=\"yoast-schema-graph\">{\"@context\":\"https:\/\/schema.org\",\"@graph\":[{\"@type\":\"Article\",\"@id\":\"https:\/\/prepast.org\/participem-presentacio-projectes-impuls-bioeconomia-forestal-de-catalunya\/#article\",\"isPartOf\":{\"@id\":\"https:\/\/prepast.org\/participem-presentacio-projectes-impuls-bioeconomia-forestal-de-catalunya\/\"},\"author\":{\"name\":\"gestiolasabina\",\"@id\":\"https:\/\/prepast.org\/#\/schema\/person\/b4c8f4ec3cbcb15de67aee56fe2bce77\"},\"headline\":\"Participem a la presentaci\u00f3 de 15 projectes d&#8217;impuls a la bioeconomia forestal de Catalunya\",\"datePublished\":\"2024-06-07T08:52:17+00:00\",\"dateModified\":\"2024-11-26T09:03:10+00:00\",\"mainEntityOfPage\":{\"@id\":\"https:\/\/prepast.org\/participem-presentacio-projectes-impuls-bioeconomia-forestal-de-catalunya\/\"},\"wordCount\":83,\"publisher\":{\"@id\":\"https:\/\/prepast.org\/#organization\"},\"image\":{\"@id\":\"https:\/\/prepast.org\/participem-presentacio-projectes-impuls-bioeconomia-forestal-de-catalunya\/#primaryimage\"},\"thumbnailUrl\":\"https:\/\/prepast.org\/wp-content\/uploads\/2024\/06\/060624-Presentacio-La-Pedrera-3.jpg\",\"articleSection\":[\"Not\u00edcies\"],\"inLanguage\":\"es\"},{\"@type\":\"WebPage\",\"@id\":\"https:\/\/prepast.org\/participem-presentacio-projectes-impuls-bioeconomia-forestal-de-catalunya\/\",\"url\":\"https:\/\/prepast.org\/participem-presentacio-projectes-impuls-bioeconomia-forestal-de-catalunya\/\",\"name\":\"Participem a la presentaci\u00f3 de 15 projectes d'impuls a la bioeconomia forestal de Catalunya - PREPAST\",\"isPartOf\":{\"@id\":\"https:\/\/prepast.org\/#website\"},\"primaryImageOfPage\":{\"@id\":\"https:\/\/prepast.org\/participem-presentacio-projectes-impuls-bioeconomia-forestal-de-catalunya\/#primaryimage\"},\"image\":{\"@id\":\"https:\/\/prepast.org\/participem-presentacio-projectes-impuls-bioeconomia-forestal-de-catalunya\/#primaryimage\"},\"thumbnailUrl\":\"https:\/\/prepast.org\/wp-content\/uploads\/2024\/06\/060624-Presentacio-La-Pedrera-3.jpg\",\"datePublished\":\"2024-06-07T08:52:17+00:00\",\"dateModified\":\"2024-11-26T09:03:10+00:00\",\"breadcrumb\":{\"@id\":\"https:\/\/prepast.org\/participem-presentacio-projectes-impuls-bioeconomia-forestal-de-catalunya\/#breadcrumb\"},\"inLanguage\":\"es\",\"potentialAction\":[{\"@type\":\"ReadAction\",\"target\":[\"https:\/\/prepast.org\/participem-presentacio-projectes-impuls-bioeconomia-forestal-de-catalunya\/\"]}]},{\"@type\":\"ImageObject\",\"inLanguage\":\"es\",\"@id\":\"https:\/\/prepast.org\/participem-presentacio-projectes-impuls-bioeconomia-forestal-de-catalunya\/#primaryimage\",\"url\":\"https:\/\/prepast.org\/wp-content\/uploads\/2024\/06\/060624-Presentacio-La-Pedrera-3.jpg\",\"contentUrl\":\"https:\/\/prepast.org\/wp-content\/uploads\/2024\/06\/060624-Presentacio-La-Pedrera-3.jpg\",\"width\":1600,\"height\":1204},{\"@type\":\"BreadcrumbList\",\"@id\":\"https:\/\/prepast.org\/participem-presentacio-projectes-impuls-bioeconomia-forestal-de-catalunya\/#breadcrumb\",\"itemListElement\":[{\"@type\":\"ListItem\",\"position\":1,\"name\":\"Inici\",\"item\":\"https:\/\/prepast.org\/\"},{\"@type\":\"ListItem\",\"position\":2,\"name\":\"Participem a la presentaci\u00f3 de 15 projectes d&#8217;impuls a la bioeconomia forestal de Catalunya\"}]},{\"@type\":\"WebSite\",\"@id\":\"https:\/\/prepast.org\/#website\",\"url\":\"https:\/\/prepast.org\/\",\"name\":\"PREPAST\",\"description\":\"Pastures del Prepirineu\",\"publisher\":{\"@id\":\"https:\/\/prepast.org\/#organization\"},\"potentialAction\":[{\"@type\":\"SearchAction\",\"target\":{\"@type\":\"EntryPoint\",\"urlTemplate\":\"https:\/\/prepast.org\/?s={search_term_string}\"},\"query-input\":\"required name=search_term_string\"}],\"inLanguage\":\"es\"},{\"@type\":\"Organization\",\"@id\":\"https:\/\/prepast.org\/#organization\",\"name\":\"PREPAST\",\"url\":\"https:\/\/prepast.org\/\",\"logo\":{\"@type\":\"ImageObject\",\"inLanguage\":\"es\",\"@id\":\"https:\/\/prepast.org\/#\/schema\/logo\/image\/\",\"url\":\"https:\/\/prepast.org\/wp-content\/uploads\/2024\/03\/LOGO-PREPAST.png\",\"contentUrl\":\"https:\/\/prepast.org\/wp-content\/uploads\/2024\/03\/LOGO-PREPAST.png\",\"width\":1095,\"height\":1095,\"caption\":\"PREPAST\"},\"image\":{\"@id\":\"https:\/\/prepast.org\/#\/schema\/logo\/image\/\"},\"sameAs\":[\"https:\/\/x.com\/projecteprepast\",\"https:\/\/www.instagram.com\/projecteprepast\/\"]},{\"@type\":\"Person\",\"@id\":\"https:\/\/prepast.org\/#\/schema\/person\/b4c8f4ec3cbcb15de67aee56fe2bce77\",\"name\":\"gestiolasabina\",\"image\":{\"@type\":\"ImageObject\",\"inLanguage\":\"es\",\"@id\":\"https:\/\/prepast.org\/#\/schema\/person\/image\/\",\"url\":\"https:\/\/secure.gravatar.com\/avatar\/74ecbf952657685a15058cbf09e617497d25b2b61d7cea9c4f786d954d109060?s=96&d=mm&r=g\",\"contentUrl\":\"https:\/\/secure.gravatar.com\/avatar\/74ecbf952657685a15058cbf09e617497d25b2b61d7cea9c4f786d954d109060?s=96&d=mm&r=g\",\"caption\":\"gestiolasabina\"},\"url\":\"https:\/\/prepast.org\/es\/author\/gestiolasabina\/\"}]}<\/script>\n<!-- \/ Yoast SEO plugin. -->","yoast_head_json":{"title":"Participem a la presentaci\u00f3 de 15 projectes d'impuls a la bioeconomia forestal de Catalunya - PREPAST","robots":{"index":"index","follow":"follow","max-snippet":"max-snippet:-1","max-image-preview":"max-image-preview:large","max-video-preview":"max-video-preview:-1"},"canonical":"https:\/\/prepast.org\/es\/participem-presentacio-projectes-impuls-bioeconomia-forestal-de-catalunya\/","og_locale":"es_ES","og_type":"article","og_title":"Participem a la presentaci\u00f3 de 15 projectes d'impuls a la bioeconomia forestal de Catalunya - PREPAST","og_description":"El passat dijous 6 de juny vam presentar el PREPAST a l\u2019auditori de la Pedrera a Barcelona, juntament amb els altres 14 projectes de la convocatoria de bioeconom\u00eda forestal d\u2019\u00e0mbit catal\u00e0. PREPAST es va presentar juntament amb els projectes OVIHUEC.DAT i BEEF, tots encarats a potenciar la ramaderia extensiva al territori. Al finalizar les presentacions [&hellip;]","og_url":"https:\/\/prepast.org\/es\/participem-presentacio-projectes-impuls-bioeconomia-forestal-de-catalunya\/","og_site_name":"PREPAST","article_published_time":"2024-06-07T08:52:17+00:00","article_modified_time":"2024-11-26T09:03:10+00:00","og_image":[{"width":1600,"height":1204,"url":"https:\/\/prepast.org\/wp-content\/uploads\/2024\/06\/060624-Presentacio-La-Pedrera-3.jpg","type":"image\/jpeg"}],"author":"gestiolasabina","twitter_card":"summary_large_image","twitter_creator":"@projecteprepast","twitter_site":"@projecteprepast","twitter_misc":{"Escrito por":"gestiolasabina","Tiempo de lectura":"1 minuto"},"schema":{"@context":"https:\/\/schema.org","@graph":[{"@type":"Article","@id":"https:\/\/prepast.org\/participem-presentacio-projectes-impuls-bioeconomia-forestal-de-catalunya\/#article","isPartOf":{"@id":"https:\/\/prepast.org\/participem-presentacio-projectes-impuls-bioeconomia-forestal-de-catalunya\/"},"author":{"name":"gestiolasabina","@id":"https:\/\/prepast.org\/#\/schema\/person\/b4c8f4ec3cbcb15de67aee56fe2bce77"},"headline":"Participem a la presentaci\u00f3 de 15 projectes d&#8217;impuls a la bioeconomia forestal de Catalunya","datePublished":"2024-06-07T08:52:17+00:00","dateModified":"2024-11-26T09:03:10+00:00","mainEntityOfPage":{"@id":"https:\/\/prepast.org\/participem-presentacio-projectes-impuls-bioeconomia-forestal-de-catalunya\/"},"wordCount":83,"publisher":{"@id":"https:\/\/prepast.org\/#organization"},"image":{"@id":"https:\/\/prepast.org\/participem-presentacio-projectes-impuls-bioeconomia-forestal-de-catalunya\/#primaryimage"},"thumbnailUrl":"https:\/\/prepast.org\/wp-content\/uploads\/2024\/06\/060624-Presentacio-La-Pedrera-3.jpg","articleSection":["Not\u00edcies"],"inLanguage":"es"},{"@type":"WebPage","@id":"https:\/\/prepast.org\/participem-presentacio-projectes-impuls-bioeconomia-forestal-de-catalunya\/","url":"https:\/\/prepast.org\/participem-presentacio-projectes-impuls-bioeconomia-forestal-de-catalunya\/","name":"Participem a la presentaci\u00f3 de 15 projectes d'impuls a la bioeconomia forestal de Catalunya - PREPAST","isPartOf":{"@id":"https:\/\/prepast.org\/#website"},"primaryImageOfPage":{"@id":"https:\/\/prepast.org\/participem-presentacio-projectes-impuls-bioeconomia-forestal-de-catalunya\/#primaryimage"},"image":{"@id":"https:\/\/prepast.org\/participem-presentacio-projectes-impuls-bioeconomia-forestal-de-catalunya\/#primaryimage"},"thumbnailUrl":"https:\/\/prepast.org\/wp-content\/uploads\/2024\/06\/060624-Presentacio-La-Pedrera-3.jpg","datePublished":"2024-06-07T08:52:17+00:00","dateModified":"2024-11-26T09:03:10+00:00","breadcrumb":{"@id":"https:\/\/prepast.org\/participem-presentacio-projectes-impuls-bioeconomia-forestal-de-catalunya\/#breadcrumb"},"inLanguage":"es","potentialAction":[{"@type":"ReadAction","target":["https:\/\/prepast.org\/participem-presentacio-projectes-impuls-bioeconomia-forestal-de-catalunya\/"]}]},{"@type":"ImageObject","inLanguage":"es","@id":"https:\/\/prepast.org\/participem-presentacio-projectes-impuls-bioeconomia-forestal-de-catalunya\/#primaryimage","url":"https:\/\/prepast.org\/wp-content\/uploads\/2024\/06\/060624-Presentacio-La-Pedrera-3.jpg","contentUrl":"https:\/\/prepast.org\/wp-content\/uploads\/2024\/06\/060624-Presentacio-La-Pedrera-3.jpg","width":1600,"height":1204},{"@type":"BreadcrumbList","@id":"https:\/\/prepast.org\/participem-presentacio-projectes-impuls-bioeconomia-forestal-de-catalunya\/#breadcrumb","itemListElement":[{"@type":"ListItem","position":1,"name":"Inici","item":"https:\/\/prepast.org\/"},{"@type":"ListItem","position":2,"name":"Participem a la presentaci\u00f3 de 15 projectes d&#8217;impuls a la bioeconomia forestal de Catalunya"}]},{"@type":"WebSite","@id":"https:\/\/prepast.org\/#website","url":"https:\/\/prepast.org\/","name":"PREPAST","description":"Pastos del Prepirineo","publisher":{"@id":"https:\/\/prepast.org\/#organization"},"potentialAction":[{"@type":"SearchAction","target":{"@type":"EntryPoint","urlTemplate":"https:\/\/prepast.org\/?s={search_term_string}"},"query-input":"required name=search_term_string"}],"inLanguage":"es"},{"@type":"Organization","@id":"https:\/\/prepast.org\/#organization","name":"PREPAST","url":"https:\/\/prepast.org\/","logo":{"@type":"ImageObject","inLanguage":"es","@id":"https:\/\/prepast.org\/#\/schema\/logo\/image\/","url":"https:\/\/prepast.org\/wp-content\/uploads\/2024\/03\/LOGO-PREPAST.png","contentUrl":"https:\/\/prepast.org\/wp-content\/uploads\/2024\/03\/LOGO-PREPAST.png","width":1095,"height":1095,"caption":"PREPAST"},"image":{"@id":"https:\/\/prepast.org\/#\/schema\/logo\/image\/"},"sameAs":["https:\/\/x.com\/projecteprepast","https:\/\/www.instagram.com\/projecteprepast\/"]},{"@type":"Person","@id":"https:\/\/prepast.org\/#\/schema\/person\/b4c8f4ec3cbcb15de67aee56fe2bce77","name":"gestiolasabina","image":{"@type":"ImageObject","inLanguage":"es","@id":"https:\/\/prepast.org\/#\/schema\/person\/image\/","url":"https:\/\/secure.gravatar.com\/avatar\/74ecbf952657685a15058cbf09e617497d25b2b61d7cea9c4f786d954d109060?s=96&d=mm&r=g","contentUrl":"https:\/\/secure.gravatar.com\/avatar\/74ecbf952657685a15058cbf09e617497d25b2b61d7cea9c4f786d954d109060?s=96&d=mm&r=g","caption":"gestiolasabina"},"url":"https:\/\/prepast.org\/es\/author\/gestiolasabina\/"}]}},"uagb_featured_image_src":{"full":["https:\/\/prepast.org\/wp-content\/uploads\/2024\/06\/060624-Presentacio-La-Pedrera-3.jpg",1600,1204,false],"thumbnail":["https:\/\/prepast.org\/wp-content\/uploads\/2024\/06\/060624-Presentacio-La-Pedrera-3-150x150.jpg",150,150,true],"medium":["https:\/\/prepast.org\/wp-content\/uploads\/2024\/06\/060624-Presentacio-La-Pedrera-3-300x226.jpg",300,226,true],"medium_large":["https:\/\/prepast.org\/wp-content\/uploads\/2024\/06\/060624-Presentacio-La-Pedrera-3-768x578.jpg",768,578,true],"large":["https:\/\/prepast.org\/wp-content\/uploads\/2024\/06\/060624-Presentacio-La-Pedrera-3-1024x771.jpg",1024,771,true],"1536x1536":["https:\/\/prepast.org\/wp-content\/uploads\/2024\/06\/060624-Presentacio-La-Pedrera-3-1536x1156.jpg",1536,1156,true],"2048x2048":["https:\/\/prepast.org\/wp-content\/uploads\/2024\/06\/060624-Presentacio-La-Pedrera-3.jpg",1600,1204,false],"trp-custom-language-flag":["https:\/\/prepast.org\/wp-content\/uploads\/2024\/06\/060624-Presentacio-La-Pedrera-3-16x12.jpg",16,12,true]},"uagb_author_info":{"display_name":"gestiolasabina","author_link":"https:\/\/prepast.org\/es\/author\/gestiolasabina\/"},"uagb_comment_info":0,"uagb_excerpt":"El passat dijous 6 de juny vam presentar el PREPAST a l\u2019auditori de la Pedrera a Barcelona, juntament amb els altres 14 projectes de la convocatoria de bioeconom\u00eda forestal d\u2019\u00e0mbit catal\u00e0. PREPAST es va presentar juntament amb els projectes OVIHUEC.DAT i BEEF, tots encarats a potenciar la ramaderia extensiva al territori. Al finalizar les presentacions&hellip;","_links":{"self":[{"href":"https:\/\/prepast.org\/es\/wp-json\/wp\/v2\/posts\/2190","targetHints":{"allow":["GET"]}}],"collection":[{"href":"https:\/\/prepast.org\/es\/wp-json\/wp\/v2\/posts"}],"about":[{"href":"https:\/\/prepast.org\/es\/wp-json\/wp\/v2\/types\/post"}],"author":[{"embeddable":true,"href":"https:\/\/prepast.org\/es\/wp-json\/wp\/v2\/users\/9"}],"replies":[{"embeddable":true,"href":"https:\/\/prepast.org\/es\/wp-json\/wp\/v2\/comments?post=2190"}],"version-history":[{"count":2,"href":"https:\/\/prepast.org\/es\/wp-json\/wp\/v2\/posts\/2190\/revisions"}],"predecessor-version":[{"id":2195,"href":"https:\/\/prepast.org\/es\/wp-json\/wp\/v2\/posts\/2190\/revisions\/2195"}],"wp:featuredmedia":[{"embeddable":true,"href":"https:\/\/prepast.org\/es\/wp-json\/wp\/v2\/media\/2192"}],"wp:attachment":[{"href":"https:\/\/prepast.org\/es\/wp-json\/wp\/v2\/media?parent=2190"}],"wp:term":[{"taxonomy":"category","embeddable":true,"href":"https:\/\/prepast.org\/es\/wp-json\/wp\/v2\/categories?post=2190"},{"taxonomy":"post_tag","embeddable":true,"href":"https:\/\/prepast.org\/es\/wp-json\/wp\/v2\/tags?post=2190"}],"curies":[{"name":"wp","href":"https:\/\/api.w.org\/{rel}","templated":true}]}}