{"id":2210,"date":"2024-11-08T09:59:48","date_gmt":"2024-11-08T08:59:48","guid":{"rendered":"https:\/\/prepast.org\/?p=2210"},"modified":"2024-11-26T17:11:28","modified_gmt":"2024-11-26T16:11:28","slug":"prepast-impulsa-una-jornada-de-debat-per-consolidar-el-futur-de-la-ramaderia-extensiva-al-montsec","status":"publish","type":"post","link":"https:\/\/prepast.org\/es\/prepast-impulsa-una-jornada-de-debat-per-consolidar-el-futur-de-la-ramaderia-extensiva-al-montsec\/","title":{"rendered":"PREPAST impulsa una jornada de debate para consolidar el futur0 de la ganader\u00eda extensiva en el Montsec"},"content":{"rendered":"<p><\/p>\n\n\n\n<div class=\"wp-block-uagb-image uagb-block-a266017d wp-block-uagb-image--layout-default wp-block-uagb-image--effect-static wp-block-uagb-image--align-none\"><figure class=\"wp-block-uagb-image__figure\"><img decoding=\"async\" srcset=\"https:\/\/prepast.org\/wp-content\/uploads\/2024\/11\/Imatge-de-WhatsApp-2024-11-07-a-les-19.56.53_71b0e3bc-1024x280.jpg ,https:\/\/prepast.org\/wp-content\/uploads\/2024\/11\/Imatge-de-WhatsApp-2024-11-07-a-les-19.56.53_71b0e3bc.jpg 780w, https:\/\/prepast.org\/wp-content\/uploads\/2024\/11\/Imatge-de-WhatsApp-2024-11-07-a-les-19.56.53_71b0e3bc.jpg 360w\" sizes=\"auto, (max-width: 480px) 150px\" src=\"https:\/\/prepast.org\/wp-content\/uploads\/2024\/11\/Imatge-de-WhatsApp-2024-11-07-a-les-19.56.53_71b0e3bc-1024x280.jpg\" alt=\"Jornada de debat ramaderia extensiva a \u00c0ger\" class=\"uag-image-2213\" width=\"750\" height=\"205\" title=\"Imatge de WhatsApp 2024-11-07 a les 19.56.53_71b0e3bc\" loading=\"lazy\" role=\"img\"\/><\/figure><\/div>\n\n\n\n<h4 class=\"wp-block-heading\">El pasado jueves, el Ayuntamiento de \u00c0ger acogi\u00f3 una jornada de transferencia y debate organizada por el proyecto PREPAST, que ha reunido a 29 profesionales de la ganader\u00eda, t\u00e9cnicos y t\u00e9cnicas de la administraci\u00f3n, ayuntamientos, consejos comarcales, Servicios Territoriales de Lleida de la Generalidad de Catalu\u00f1a, cient\u00edficos y otros profesionales del sector.&nbsp;<\/h4>\n\n\n\n<p style=\"margin-bottom:var(--wp--preset--spacing--70)\">Esta iniciativa busca impulsar la colaboraci\u00f3n entre varios actores para consolidar herramientas que aseguren la promoci\u00f3n de la ganader\u00eda extensiva al finalizar el proyecto en 2025.<\/p>\n\n\n\n<p style=\"margin-bottom:var(--wp--preset--spacing--70)\">En la sesi\u00f3n se han tratado cinco bloques de debate sobre experiencias demostrativas en manejo ganadero, la creaci\u00f3n de un banco de pastos, y otras estrategias para la promoci\u00f3n de este modelo sostenible y el impacto ambiental positivo del pastoreo en la prevenci\u00f3n de incendios y la conservaci\u00f3n de h\u00e1bitats, as\u00ed como el papel social y cultural de los pastores en el mantenimiento del paisaje. Los participantes podr\u00e1n contribuir al dise\u00f1o de las futuras herramientas para asegurar la pervivencia de los beneficios del proyecto m\u00e1s all\u00e1 de su finalizaci\u00f3n.<\/p>\n\n\n\n<div class=\"wp-block-uagb-marketing-button uagb-marketing-btn__align-center uagb-marketing-btn__align-text-center uagb-marketing-btn__icon-after uagb-block-18ea16d1 wp-block-button uag-hide-desktop uag-hide-tab uag-hide-mob\"><a href=\"https:\/\/prepast.org\/wp-content\/uploads\/2024\/05\/exemple-mapa.png\" class=\"uagb-marketing-btn__link wp-block-button__link\" target=\"_blank\" rel=\"noopener noreferrer\"><span class=\"uagb-marketing-btn__title\">Accedeix a l&#8217;informe de la primera jornada<\/span><svg xmlns=\"https:\/\/www.w3.org\/2000\/svg\" viewbox=\"0 0 512 512\"><path d=\"M384 320c-17.67 0-32 14.33-32 32v96H64V160h96c17.67 0 32-14.32 32-32s-14.33-32-32-32L64 96c-35.35 0-64 28.65-64 64V448c0 35.34 28.65 64 64 64h288c35.35 0 64-28.66 64-64v-96C416 334.3 401.7 320 384 320zM488 0H352c-12.94 0-24.62 7.797-29.56 19.75c-4.969 11.97-2.219 25.72 6.938 34.88L370.8 96L169.4 297.4c-12.5 12.5-12.5 32.75 0 45.25C175.6 348.9 183.8 352 192 352s16.38-3.125 22.62-9.375L416 141.3l41.38 41.38c9.156 9.141 22.88 11.84 34.88 6.938C504.2 184.6 512 172.9 512 160V24C512 10.74 501.3 0 488 0z\"><\/path><\/svg><\/a><\/div>\n\n\n\n<p><\/p>\n\n\n\n<p><\/p>\n\n\n\n<p><\/p>\n\n\n\n<p>En palabras de Mireia Burgu\u00e9s, alcaldesa de \u00c0ger, \u201cesta jornada representa una gran oportunidad para apoyar un modelo de ganader\u00eda que no s\u00f3lo enriquece nuestro paisaje, sino que crea un legado de sostenibilidad y arraigo por el territorio\u201d El proyecto adem\u00e1s, se enmarca dentro de una serie de acciones dirigidas a concienciar a la sociedad sobre los servicios ecosist\u00e9mico parte de un modelo econ\u00f3mico responsable y resiliente.<\/p>\n\n\n\n<p>El proyecto PREPAST que tiene una duraci\u00f3n prevista de dos a\u00f1os, aspira a crear una gobernanza entre entidades p\u00fablicas, el sector ganadero y otros actores para asegurar que la ganader\u00eda extensiva se mantenga como actividad esencial para la bioeconom\u00eda y la biodiversidad del territorio.<\/p>\n\n\n\n<figure class=\"wp-block-gallery has-nested-images columns-default is-cropped wp-block-gallery-1 is-layout-flex wp-block-gallery-is-layout-flex\">\n<figure class=\"wp-block-image size-large\"><img loading=\"lazy\" decoding=\"async\" width=\"1024\" height=\"377\" data-id=\"1818\" src=\"https:\/\/prepast.org\/wp-content\/uploads\/2024\/05\/Prepast-20-1024x377.jpg\" alt=\"\" class=\"wp-image-1818\" srcset=\"https:\/\/prepast.org\/wp-content\/uploads\/2024\/05\/Prepast-20-1024x377.jpg 1024w, https:\/\/prepast.org\/wp-content\/uploads\/2024\/05\/Prepast-20-300x110.jpg 300w, https:\/\/prepast.org\/wp-content\/uploads\/2024\/05\/Prepast-20-768x283.jpg 768w, https:\/\/prepast.org\/wp-content\/uploads\/2024\/05\/Prepast-20-1536x565.jpg 1536w, https:\/\/prepast.org\/wp-content\/uploads\/2024\/05\/Prepast-20-2048x753.jpg 2048w, https:\/\/prepast.org\/wp-content\/uploads\/2024\/05\/Prepast-20-18x7.jpg 18w\" sizes=\"auto, (max-width: 1024px) 100vw, 1024px\" \/><\/figure>\n\n\n\n<figure class=\"wp-block-image size-large\"><img loading=\"lazy\" decoding=\"async\" width=\"1024\" height=\"680\" data-id=\"1680\" src=\"https:\/\/prepast.org\/wp-content\/uploads\/2024\/04\/ramat-2-1024x680.jpg\" alt=\"\" class=\"wp-image-1680\" srcset=\"https:\/\/prepast.org\/wp-content\/uploads\/2024\/04\/ramat-2-1024x680.jpg 1024w, https:\/\/prepast.org\/wp-content\/uploads\/2024\/04\/ramat-2-300x199.jpg 300w, https:\/\/prepast.org\/wp-content\/uploads\/2024\/04\/ramat-2-768x510.jpg 768w, https:\/\/prepast.org\/wp-content\/uploads\/2024\/04\/ramat-2-1536x1020.jpg 1536w, https:\/\/prepast.org\/wp-content\/uploads\/2024\/04\/ramat-2-18x12.jpg 18w, https:\/\/prepast.org\/wp-content\/uploads\/2024\/04\/ramat-2.jpg 1913w\" sizes=\"auto, (max-width: 1024px) 100vw, 1024px\" \/><\/figure>\n\n\n\n<figure class=\"wp-block-image size-large\"><img decoding=\"async\" data-id=\"1486\" src=\"https:\/\/prepast.org\/wp-content\/uploads\/2024\/03\/photo-1598181162450-56296491375c-1024x683.jpeg\" alt=\"The sheep\" class=\"wp-image-1486\"\/><\/figure>\n\n\n\n<figure class=\"wp-block-image size-large\"><img loading=\"lazy\" decoding=\"async\" width=\"768\" height=\"1024\" data-id=\"2212\" src=\"https:\/\/prepast.org\/wp-content\/uploads\/2024\/11\/grup-treball-768x1024.jpeg\" alt=\"Grup de treball jornada de debat sobre la ramaderia extensiva a \u00c0ger\" class=\"wp-image-2212\" srcset=\"https:\/\/prepast.org\/wp-content\/uploads\/2024\/11\/grup-treball-768x1024.jpeg 768w, https:\/\/prepast.org\/wp-content\/uploads\/2024\/11\/grup-treball-225x300.jpeg 225w, https:\/\/prepast.org\/wp-content\/uploads\/2024\/11\/grup-treball-1152x1536.jpeg 1152w, https:\/\/prepast.org\/wp-content\/uploads\/2024\/11\/grup-treball-9x12.jpeg 9w, https:\/\/prepast.org\/wp-content\/uploads\/2024\/11\/grup-treball.jpeg 1536w\" sizes=\"auto, (max-width: 768px) 100vw, 768px\" \/><\/figure>\n<\/figure>","protected":false},"excerpt":{"rendered":"<p>El passat dijous, l&#8217;Ajuntament d&#8217;\u00c0ger va acollir una jornada de transfer\u00e8ncia i debat organitzada pel projecte PREPAST, que ha reunit a 29 professionals de la ramaderia, t\u00e8cnics i t\u00e8cniques de l\u2019administraci\u00f3, ajuntaments, consells comarcals, Serveis Territorials de Lleida de la Generalitat de Catalunya, cient\u00edfics i altres professionals del sector.&nbsp; Aquesta iniciativa busca impulsar la col\u00b7laboraci\u00f3 [&hellip;]<\/p>","protected":false},"author":9,"featured_media":2212,"comment_status":"closed","ping_status":"closed","sticky":false,"template":"","format":"standard","meta":{"_uag_custom_page_level_css":"","site-sidebar-layout":"default","site-content-layout":"","ast-site-content-layout":"narrow-width-container","site-content-style":"default","site-sidebar-style":"default","ast-global-header-display":"","ast-banner-title-visibility":"","ast-main-header-display":"","ast-hfb-above-header-display":"","ast-hfb-below-header-display":"","ast-hfb-mobile-header-display":"","site-post-title":"","ast-breadcrumbs-content":"","ast-featured-img":"disabled","footer-sml-layout":"","ast-disable-related-posts":"","theme-transparent-header-meta":"default","adv-header-id-meta":"","stick-header-meta":"","header-above-stick-meta":"","header-main-stick-meta":"","header-below-stick-meta":"","astra-migrate-meta-layouts":"set","ast-page-background-enabled":"default","ast-page-background-meta":{"desktop":{"background-color":"var(--ast-global-color-4)","background-image":"","background-repeat":"repeat","background-position":"center center","background-size":"auto","background-attachment":"scroll","background-type":"","background-media":"","overlay-type":"","overlay-color":"","overlay-opacity":"","overlay-gradient":""},"tablet":{"background-color":"","background-image":"","background-repeat":"repeat","background-position":"center center","background-size":"auto","background-attachment":"scroll","background-type":"","background-media":"","overlay-type":"","overlay-color":"","overlay-opacity":"","overlay-gradient":""},"mobile":{"background-color":"","background-image":"","background-repeat":"repeat","background-position":"center center","background-size":"auto","background-attachment":"scroll","background-type":"","background-media":"","overlay-type":"","overlay-color":"","overlay-opacity":"","overlay-gradient":""}},"ast-content-background-meta":{"desktop":{"background-color":"var(--ast-global-color-5)","background-image":"","background-repeat":"repeat","background-position":"center center","background-size":"auto","background-attachment":"scroll","background-type":"","background-media":"","overlay-type":"","overlay-color":"","overlay-opacity":"","overlay-gradient":""},"tablet":{"background-color":"var(--ast-global-color-5)","background-image":"","background-repeat":"repeat","background-position":"center center","background-size":"auto","background-attachment":"scroll","background-type":"","background-media":"","overlay-type":"","overlay-color":"","overlay-opacity":"","overlay-gradient":""},"mobile":{"background-color":"var(--ast-global-color-5)","background-image":"","background-repeat":"repeat","background-position":"center center","background-size":"auto","background-attachment":"scroll","background-type":"","background-media":"","overlay-type":"","overlay-color":"","overlay-opacity":"","overlay-gradient":""}},"iawp_total_views":26,"footnotes":""},"categories":[11],"tags":[],"class_list":["post-2210","post","type-post","status-publish","format-standard","has-post-thumbnail","hentry","category-noticies"],"yoast_head":"<!-- This site is optimized with the Yoast SEO plugin v22.6 - https:\/\/yoast.com\/wordpress\/plugins\/seo\/ -->\n<title>PREPAST impulsa una jornada de debat per consolidar el futur de la ramaderia extensiva al Montsec - PREPAST<\/title>\n<meta name=\"robots\" content=\"index, follow, max-snippet:-1, max-image-preview:large, max-video-preview:-1\" \/>\n<link rel=\"canonical\" href=\"https:\/\/prepast.org\/es\/prepast-impulsa-una-jornada-de-debat-per-consolidar-el-futur-de-la-ramaderia-extensiva-al-montsec\/\" \/>\n<meta property=\"og:locale\" content=\"es_ES\" \/>\n<meta property=\"og:type\" content=\"article\" \/>\n<meta property=\"og:title\" content=\"PREPAST impulsa una jornada de debat per consolidar el futur de la ramaderia extensiva al Montsec - PREPAST\" \/>\n<meta property=\"og:description\" content=\"El passat dijous, l&#8217;Ajuntament d&#8217;\u00c0ger va acollir una jornada de transfer\u00e8ncia i debat organitzada pel projecte PREPAST, que ha reunit a 29 professionals de la ramaderia, t\u00e8cnics i t\u00e8cniques de l\u2019administraci\u00f3, ajuntaments, consells comarcals, Serveis Territorials de Lleida de la Generalitat de Catalunya, cient\u00edfics i altres professionals del sector.&nbsp; Aquesta iniciativa busca impulsar la col\u00b7laboraci\u00f3 [&hellip;]\" \/>\n<meta property=\"og:url\" content=\"https:\/\/prepast.org\/es\/prepast-impulsa-una-jornada-de-debat-per-consolidar-el-futur-de-la-ramaderia-extensiva-al-montsec\/\" \/>\n<meta property=\"og:site_name\" content=\"PREPAST\" \/>\n<meta property=\"article:published_time\" content=\"2024-11-08T08:59:48+00:00\" \/>\n<meta property=\"article:modified_time\" content=\"2024-11-26T16:11:28+00:00\" \/>\n<meta property=\"og:image\" content=\"https:\/\/prepast.org\/wp-content\/uploads\/2024\/11\/grup-treball.jpeg\" \/>\n\t<meta property=\"og:image:width\" content=\"1536\" \/>\n\t<meta property=\"og:image:height\" content=\"2048\" \/>\n\t<meta property=\"og:image:type\" content=\"image\/jpeg\" \/>\n<meta name=\"author\" content=\"gestiolasabina\" \/>\n<meta name=\"twitter:card\" content=\"summary_large_image\" \/>\n<meta name=\"twitter:creator\" content=\"@projecteprepast\" \/>\n<meta name=\"twitter:site\" content=\"@projecteprepast\" \/>\n<meta name=\"twitter:label1\" content=\"Escrito por\" \/>\n\t<meta name=\"twitter:data1\" content=\"gestiolasabina\" \/>\n\t<meta name=\"twitter:label2\" content=\"Tiempo de lectura\" \/>\n\t<meta name=\"twitter:data2\" content=\"3 minutos\" \/>\n<script type=\"application\/ld+json\" class=\"yoast-schema-graph\">{\"@context\":\"https:\/\/schema.org\",\"@graph\":[{\"@type\":\"Article\",\"@id\":\"https:\/\/prepast.org\/prepast-impulsa-una-jornada-de-debat-per-consolidar-el-futur-de-la-ramaderia-extensiva-al-montsec\/#article\",\"isPartOf\":{\"@id\":\"https:\/\/prepast.org\/prepast-impulsa-una-jornada-de-debat-per-consolidar-el-futur-de-la-ramaderia-extensiva-al-montsec\/\"},\"author\":{\"name\":\"gestiolasabina\",\"@id\":\"https:\/\/prepast.org\/#\/schema\/person\/b4c8f4ec3cbcb15de67aee56fe2bce77\"},\"headline\":\"PREPAST impulsa una jornada de debat per consolidar el futur de la ramaderia extensiva al Montsec\",\"datePublished\":\"2024-11-08T08:59:48+00:00\",\"dateModified\":\"2024-11-26T16:11:28+00:00\",\"mainEntityOfPage\":{\"@id\":\"https:\/\/prepast.org\/prepast-impulsa-una-jornada-de-debat-per-consolidar-el-futur-de-la-ramaderia-extensiva-al-montsec\/\"},\"wordCount\":338,\"publisher\":{\"@id\":\"https:\/\/prepast.org\/#organization\"},\"image\":{\"@id\":\"https:\/\/prepast.org\/prepast-impulsa-una-jornada-de-debat-per-consolidar-el-futur-de-la-ramaderia-extensiva-al-montsec\/#primaryimage\"},\"thumbnailUrl\":\"https:\/\/prepast.org\/wp-content\/uploads\/2024\/11\/grup-treball.jpeg\",\"articleSection\":[\"Not\u00edcies\"],\"inLanguage\":\"es\"},{\"@type\":\"WebPage\",\"@id\":\"https:\/\/prepast.org\/prepast-impulsa-una-jornada-de-debat-per-consolidar-el-futur-de-la-ramaderia-extensiva-al-montsec\/\",\"url\":\"https:\/\/prepast.org\/prepast-impulsa-una-jornada-de-debat-per-consolidar-el-futur-de-la-ramaderia-extensiva-al-montsec\/\",\"name\":\"PREPAST impulsa una jornada de debat per consolidar el futur de la ramaderia extensiva al Montsec - PREPAST\",\"isPartOf\":{\"@id\":\"https:\/\/prepast.org\/#website\"},\"primaryImageOfPage\":{\"@id\":\"https:\/\/prepast.org\/prepast-impulsa-una-jornada-de-debat-per-consolidar-el-futur-de-la-ramaderia-extensiva-al-montsec\/#primaryimage\"},\"image\":{\"@id\":\"https:\/\/prepast.org\/prepast-impulsa-una-jornada-de-debat-per-consolidar-el-futur-de-la-ramaderia-extensiva-al-montsec\/#primaryimage\"},\"thumbnailUrl\":\"https:\/\/prepast.org\/wp-content\/uploads\/2024\/11\/grup-treball.jpeg\",\"datePublished\":\"2024-11-08T08:59:48+00:00\",\"dateModified\":\"2024-11-26T16:11:28+00:00\",\"breadcrumb\":{\"@id\":\"https:\/\/prepast.org\/prepast-impulsa-una-jornada-de-debat-per-consolidar-el-futur-de-la-ramaderia-extensiva-al-montsec\/#breadcrumb\"},\"inLanguage\":\"es\",\"potentialAction\":[{\"@type\":\"ReadAction\",\"target\":[\"https:\/\/prepast.org\/prepast-impulsa-una-jornada-de-debat-per-consolidar-el-futur-de-la-ramaderia-extensiva-al-montsec\/\"]}]},{\"@type\":\"ImageObject\",\"inLanguage\":\"es\",\"@id\":\"https:\/\/prepast.org\/prepast-impulsa-una-jornada-de-debat-per-consolidar-el-futur-de-la-ramaderia-extensiva-al-montsec\/#primaryimage\",\"url\":\"https:\/\/prepast.org\/wp-content\/uploads\/2024\/11\/grup-treball.jpeg\",\"contentUrl\":\"https:\/\/prepast.org\/wp-content\/uploads\/2024\/11\/grup-treball.jpeg\",\"width\":1536,\"height\":2048,\"caption\":\"Grup de treball jornada de debat sobre la ramaderia extensiva a \u00c0ger\"},{\"@type\":\"BreadcrumbList\",\"@id\":\"https:\/\/prepast.org\/prepast-impulsa-una-jornada-de-debat-per-consolidar-el-futur-de-la-ramaderia-extensiva-al-montsec\/#breadcrumb\",\"itemListElement\":[{\"@type\":\"ListItem\",\"position\":1,\"name\":\"Inici\",\"item\":\"https:\/\/prepast.org\/\"},{\"@type\":\"ListItem\",\"position\":2,\"name\":\"PREPAST impulsa una jornada de debat per consolidar el futur de la ramaderia extensiva al Montsec\"}]},{\"@type\":\"WebSite\",\"@id\":\"https:\/\/prepast.org\/#website\",\"url\":\"https:\/\/prepast.org\/\",\"name\":\"PREPAST\",\"description\":\"Pastures del Prepirineu\",\"publisher\":{\"@id\":\"https:\/\/prepast.org\/#organization\"},\"potentialAction\":[{\"@type\":\"SearchAction\",\"target\":{\"@type\":\"EntryPoint\",\"urlTemplate\":\"https:\/\/prepast.org\/?s={search_term_string}\"},\"query-input\":\"required name=search_term_string\"}],\"inLanguage\":\"es\"},{\"@type\":\"Organization\",\"@id\":\"https:\/\/prepast.org\/#organization\",\"name\":\"PREPAST\",\"url\":\"https:\/\/prepast.org\/\",\"logo\":{\"@type\":\"ImageObject\",\"inLanguage\":\"es\",\"@id\":\"https:\/\/prepast.org\/#\/schema\/logo\/image\/\",\"url\":\"https:\/\/prepast.org\/wp-content\/uploads\/2024\/03\/LOGO-PREPAST.png\",\"contentUrl\":\"https:\/\/prepast.org\/wp-content\/uploads\/2024\/03\/LOGO-PREPAST.png\",\"width\":1095,\"height\":1095,\"caption\":\"PREPAST\"},\"image\":{\"@id\":\"https:\/\/prepast.org\/#\/schema\/logo\/image\/\"},\"sameAs\":[\"https:\/\/x.com\/projecteprepast\",\"https:\/\/www.instagram.com\/projecteprepast\/\"]},{\"@type\":\"Person\",\"@id\":\"https:\/\/prepast.org\/#\/schema\/person\/b4c8f4ec3cbcb15de67aee56fe2bce77\",\"name\":\"gestiolasabina\",\"image\":{\"@type\":\"ImageObject\",\"inLanguage\":\"es\",\"@id\":\"https:\/\/prepast.org\/#\/schema\/person\/image\/\",\"url\":\"https:\/\/secure.gravatar.com\/avatar\/74ecbf952657685a15058cbf09e617497d25b2b61d7cea9c4f786d954d109060?s=96&d=mm&r=g\",\"contentUrl\":\"https:\/\/secure.gravatar.com\/avatar\/74ecbf952657685a15058cbf09e617497d25b2b61d7cea9c4f786d954d109060?s=96&d=mm&r=g\",\"caption\":\"gestiolasabina\"},\"url\":\"https:\/\/prepast.org\/es\/author\/gestiolasabina\/\"}]}<\/script>\n<!-- \/ Yoast SEO plugin. -->","yoast_head_json":{"title":"PREPAST impulsa una jornada de debat per consolidar el futur de la ramaderia extensiva al Montsec - PREPAST","robots":{"index":"index","follow":"follow","max-snippet":"max-snippet:-1","max-image-preview":"max-image-preview:large","max-video-preview":"max-video-preview:-1"},"canonical":"https:\/\/prepast.org\/es\/prepast-impulsa-una-jornada-de-debat-per-consolidar-el-futur-de-la-ramaderia-extensiva-al-montsec\/","og_locale":"es_ES","og_type":"article","og_title":"PREPAST impulsa una jornada de debat per consolidar el futur de la ramaderia extensiva al Montsec - PREPAST","og_description":"El passat dijous, l&#8217;Ajuntament d&#8217;\u00c0ger va acollir una jornada de transfer\u00e8ncia i debat organitzada pel projecte PREPAST, que ha reunit a 29 professionals de la ramaderia, t\u00e8cnics i t\u00e8cniques de l\u2019administraci\u00f3, ajuntaments, consells comarcals, Serveis Territorials de Lleida de la Generalitat de Catalunya, cient\u00edfics i altres professionals del sector.&nbsp; Aquesta iniciativa busca impulsar la col\u00b7laboraci\u00f3 [&hellip;]","og_url":"https:\/\/prepast.org\/es\/prepast-impulsa-una-jornada-de-debat-per-consolidar-el-futur-de-la-ramaderia-extensiva-al-montsec\/","og_site_name":"PREPAST","article_published_time":"2024-11-08T08:59:48+00:00","article_modified_time":"2024-11-26T16:11:28+00:00","og_image":[{"width":1536,"height":2048,"url":"https:\/\/prepast.org\/wp-content\/uploads\/2024\/11\/grup-treball.jpeg","type":"image\/jpeg"}],"author":"gestiolasabina","twitter_card":"summary_large_image","twitter_creator":"@projecteprepast","twitter_site":"@projecteprepast","twitter_misc":{"Escrito por":"gestiolasabina","Tiempo de lectura":"3 minutos"},"schema":{"@context":"https:\/\/schema.org","@graph":[{"@type":"Article","@id":"https:\/\/prepast.org\/prepast-impulsa-una-jornada-de-debat-per-consolidar-el-futur-de-la-ramaderia-extensiva-al-montsec\/#article","isPartOf":{"@id":"https:\/\/prepast.org\/prepast-impulsa-una-jornada-de-debat-per-consolidar-el-futur-de-la-ramaderia-extensiva-al-montsec\/"},"author":{"name":"gestiolasabina","@id":"https:\/\/prepast.org\/#\/schema\/person\/b4c8f4ec3cbcb15de67aee56fe2bce77"},"headline":"PREPAST impulsa una jornada de debat per consolidar el futur de la ramaderia extensiva al Montsec","datePublished":"2024-11-08T08:59:48+00:00","dateModified":"2024-11-26T16:11:28+00:00","mainEntityOfPage":{"@id":"https:\/\/prepast.org\/prepast-impulsa-una-jornada-de-debat-per-consolidar-el-futur-de-la-ramaderia-extensiva-al-montsec\/"},"wordCount":338,"publisher":{"@id":"https:\/\/prepast.org\/#organization"},"image":{"@id":"https:\/\/prepast.org\/prepast-impulsa-una-jornada-de-debat-per-consolidar-el-futur-de-la-ramaderia-extensiva-al-montsec\/#primaryimage"},"thumbnailUrl":"https:\/\/prepast.org\/wp-content\/uploads\/2024\/11\/grup-treball.jpeg","articleSection":["Not\u00edcies"],"inLanguage":"es"},{"@type":"WebPage","@id":"https:\/\/prepast.org\/prepast-impulsa-una-jornada-de-debat-per-consolidar-el-futur-de-la-ramaderia-extensiva-al-montsec\/","url":"https:\/\/prepast.org\/prepast-impulsa-una-jornada-de-debat-per-consolidar-el-futur-de-la-ramaderia-extensiva-al-montsec\/","name":"PREPAST impulsa una jornada de debat per consolidar el futur de la ramaderia extensiva al Montsec - PREPAST","isPartOf":{"@id":"https:\/\/prepast.org\/#website"},"primaryImageOfPage":{"@id":"https:\/\/prepast.org\/prepast-impulsa-una-jornada-de-debat-per-consolidar-el-futur-de-la-ramaderia-extensiva-al-montsec\/#primaryimage"},"image":{"@id":"https:\/\/prepast.org\/prepast-impulsa-una-jornada-de-debat-per-consolidar-el-futur-de-la-ramaderia-extensiva-al-montsec\/#primaryimage"},"thumbnailUrl":"https:\/\/prepast.org\/wp-content\/uploads\/2024\/11\/grup-treball.jpeg","datePublished":"2024-11-08T08:59:48+00:00","dateModified":"2024-11-26T16:11:28+00:00","breadcrumb":{"@id":"https:\/\/prepast.org\/prepast-impulsa-una-jornada-de-debat-per-consolidar-el-futur-de-la-ramaderia-extensiva-al-montsec\/#breadcrumb"},"inLanguage":"es","potentialAction":[{"@type":"ReadAction","target":["https:\/\/prepast.org\/prepast-impulsa-una-jornada-de-debat-per-consolidar-el-futur-de-la-ramaderia-extensiva-al-montsec\/"]}]},{"@type":"ImageObject","inLanguage":"es","@id":"https:\/\/prepast.org\/prepast-impulsa-una-jornada-de-debat-per-consolidar-el-futur-de-la-ramaderia-extensiva-al-montsec\/#primaryimage","url":"https:\/\/prepast.org\/wp-content\/uploads\/2024\/11\/grup-treball.jpeg","contentUrl":"https:\/\/prepast.org\/wp-content\/uploads\/2024\/11\/grup-treball.jpeg","width":1536,"height":2048,"caption":"Grup de treball jornada de debat sobre la ramaderia extensiva a \u00c0ger"},{"@type":"BreadcrumbList","@id":"https:\/\/prepast.org\/prepast-impulsa-una-jornada-de-debat-per-consolidar-el-futur-de-la-ramaderia-extensiva-al-montsec\/#breadcrumb","itemListElement":[{"@type":"ListItem","position":1,"name":"Inici","item":"https:\/\/prepast.org\/"},{"@type":"ListItem","position":2,"name":"PREPAST impulsa una jornada de debat per consolidar el futur de la ramaderia extensiva al Montsec"}]},{"@type":"WebSite","@id":"https:\/\/prepast.org\/#website","url":"https:\/\/prepast.org\/","name":"PREPAST","description":"Pastos del Prepirineo","publisher":{"@id":"https:\/\/prepast.org\/#organization"},"potentialAction":[{"@type":"SearchAction","target":{"@type":"EntryPoint","urlTemplate":"https:\/\/prepast.org\/?s={search_term_string}"},"query-input":"required name=search_term_string"}],"inLanguage":"es"},{"@type":"Organization","@id":"https:\/\/prepast.org\/#organization","name":"PREPAST","url":"https:\/\/prepast.org\/","logo":{"@type":"ImageObject","inLanguage":"es","@id":"https:\/\/prepast.org\/#\/schema\/logo\/image\/","url":"https:\/\/prepast.org\/wp-content\/uploads\/2024\/03\/LOGO-PREPAST.png","contentUrl":"https:\/\/prepast.org\/wp-content\/uploads\/2024\/03\/LOGO-PREPAST.png","width":1095,"height":1095,"caption":"PREPAST"},"image":{"@id":"https:\/\/prepast.org\/#\/schema\/logo\/image\/"},"sameAs":["https:\/\/x.com\/projecteprepast","https:\/\/www.instagram.com\/projecteprepast\/"]},{"@type":"Person","@id":"https:\/\/prepast.org\/#\/schema\/person\/b4c8f4ec3cbcb15de67aee56fe2bce77","name":"gestiolasabina","image":{"@type":"ImageObject","inLanguage":"es","@id":"https:\/\/prepast.org\/#\/schema\/person\/image\/","url":"https:\/\/secure.gravatar.com\/avatar\/74ecbf952657685a15058cbf09e617497d25b2b61d7cea9c4f786d954d109060?s=96&d=mm&r=g","contentUrl":"https:\/\/secure.gravatar.com\/avatar\/74ecbf952657685a15058cbf09e617497d25b2b61d7cea9c4f786d954d109060?s=96&d=mm&r=g","caption":"gestiolasabina"},"url":"https:\/\/prepast.org\/es\/author\/gestiolasabina\/"}]}},"uagb_featured_image_src":{"full":["https:\/\/prepast.org\/wp-content\/uploads\/2024\/11\/grup-treball.jpeg",1536,2048,false],"thumbnail":["https:\/\/prepast.org\/wp-content\/uploads\/2024\/11\/grup-treball-150x150.jpeg",150,150,true],"medium":["https:\/\/prepast.org\/wp-content\/uploads\/2024\/11\/grup-treball-225x300.jpeg",225,300,true],"medium_large":["https:\/\/prepast.org\/wp-content\/uploads\/2024\/11\/grup-treball-768x1024.jpeg",768,1024,true],"large":["https:\/\/prepast.org\/wp-content\/uploads\/2024\/11\/grup-treball-768x1024.jpeg",768,1024,true],"1536x1536":["https:\/\/prepast.org\/wp-content\/uploads\/2024\/11\/grup-treball-1152x1536.jpeg",1152,1536,true],"2048x2048":["https:\/\/prepast.org\/wp-content\/uploads\/2024\/11\/grup-treball.jpeg",1536,2048,false],"trp-custom-language-flag":["https:\/\/prepast.org\/wp-content\/uploads\/2024\/11\/grup-treball-9x12.jpeg",9,12,true]},"uagb_author_info":{"display_name":"gestiolasabina","author_link":"https:\/\/prepast.org\/es\/author\/gestiolasabina\/"},"uagb_comment_info":0,"uagb_excerpt":"El passat dijous, l&#8217;Ajuntament d&#8217;\u00c0ger va acollir una jornada de transfer\u00e8ncia i debat organitzada pel projecte PREPAST, que ha reunit a 29 professionals de la ramaderia, t\u00e8cnics i t\u00e8cniques de l\u2019administraci\u00f3, ajuntaments, consells comarcals, Serveis Territorials de Lleida de la Generalitat de Catalunya, cient\u00edfics i altres professionals del sector.&nbsp; Aquesta iniciativa busca impulsar la col\u00b7laboraci\u00f3&hellip;","_links":{"self":[{"href":"https:\/\/prepast.org\/es\/wp-json\/wp\/v2\/posts\/2210","targetHints":{"allow":["GET"]}}],"collection":[{"href":"https:\/\/prepast.org\/es\/wp-json\/wp\/v2\/posts"}],"about":[{"href":"https:\/\/prepast.org\/es\/wp-json\/wp\/v2\/types\/post"}],"author":[{"embeddable":true,"href":"https:\/\/prepast.org\/es\/wp-json\/wp\/v2\/users\/9"}],"replies":[{"embeddable":true,"href":"https:\/\/prepast.org\/es\/wp-json\/wp\/v2\/comments?post=2210"}],"version-history":[{"count":4,"href":"https:\/\/prepast.org\/es\/wp-json\/wp\/v2\/posts\/2210\/revisions"}],"predecessor-version":[{"id":2264,"href":"https:\/\/prepast.org\/es\/wp-json\/wp\/v2\/posts\/2210\/revisions\/2264"}],"wp:featuredmedia":[{"embeddable":true,"href":"https:\/\/prepast.org\/es\/wp-json\/wp\/v2\/media\/2212"}],"wp:attachment":[{"href":"https:\/\/prepast.org\/es\/wp-json\/wp\/v2\/media?parent=2210"}],"wp:term":[{"taxonomy":"category","embeddable":true,"href":"https:\/\/prepast.org\/es\/wp-json\/wp\/v2\/categories?post=2210"},{"taxonomy":"post_tag","embeddable":true,"href":"https:\/\/prepast.org\/es\/wp-json\/wp\/v2\/tags?post=2210"}],"curies":[{"name":"wp","href":"https:\/\/api.w.org\/{rel}","templated":true}]}}