{"id":2334,"date":"2025-06-13T16:30:00","date_gmt":"2025-06-13T15:30:00","guid":{"rendered":"https:\/\/prepast.org\/?p=2334"},"modified":"2025-10-08T12:13:29","modified_gmt":"2025-10-08T11:13:29","slug":"exit-participacio-jornada-tecnica-boumort","status":"publish","type":"post","link":"https:\/\/prepast.org\/es\/exit-participacio-jornada-tecnica-boumort\/","title":{"rendered":"\u00c9xito de participaci\u00f3n a la jornada t\u00e9cnica participativa de los proyectos a la Reserva Nacional de Caza de Boumort"},"content":{"rendered":"<p><\/p>\n\n\n\n<div class=\"wp-block-uagb-image uagb-block-007a0c2d wp-block-uagb-image--layout-default wp-block-uagb-image--effect-static wp-block-uagb-image--align-none\"><figure class=\"wp-block-uagb-image__figure\"><img decoding=\"async\" srcset=\"https:\/\/prepast.org\/wp-content\/uploads\/2025\/06\/Imatge-de-WhatsApp-2025-06-13-a-les-14.01.54_026417af-1024x771.jpg ,https:\/\/prepast.org\/wp-content\/uploads\/2025\/06\/Imatge-de-WhatsApp-2025-06-13-a-les-14.01.54_026417af.jpg 780w, https:\/\/prepast.org\/wp-content\/uploads\/2025\/06\/Imatge-de-WhatsApp-2025-06-13-a-les-14.01.54_026417af.jpg 360w\" sizes=\"auto, (max-width: 480px) 150px\" src=\"https:\/\/prepast.org\/wp-content\/uploads\/2025\/06\/Imatge-de-WhatsApp-2025-06-13-a-les-14.01.54_026417af-1024x771.jpg\" alt=\"\" class=\"uag-image-2340\" width=\"1024\" height=\"680\" title=\"Imatge de WhatsApp 2025-06-13 a les 14.01.54_026417af\" loading=\"lazy\" role=\"img\"\/><\/figure><\/div>\n\n\n\n<h4 class=\"wp-block-heading\" style=\"margin-top:var(--wp--preset--spacing--40);margin-bottom:var(--wp--preset--spacing--40)\"><strong>En la jornada han participado t\u00e9cnicos\/as de 14 proyectos distintos<\/strong> as\u00ed como el equipo t\u00e9cnico y directivo de la RNC<\/h4>\n\n\n\n<p style=\"margin-bottom:var(--wp--preset--spacing--40)\">Esta ma\u00f1ana, viernes 13 de junio, se ha celebrado en la Pobla de Segur una jornada t\u00e9cnica participativa impulsada por el proyecto PREPAST y el equipo de la Reserva Nacional de Caza del Boumort. El acontecimiento ha reunido 21 representantes t\u00e9cnicos y t\u00e9cnicas de 14 proyectos diferentes que se desarrollan dentro de este espacio protegido del Prepirineo, as\u00ed como tambi\u00e9n el equipo t\u00e9cnico y directivo de la Reserva, con el objetivo de compartir conocimientos, identificar sinergias y reforzar la coordinaci\u00f3n entre iniciativas.<\/p>\n\n\n\n<p>El encuentro ha apostado por un formato plenamente interactivo y orientado a resultados. Con el apoyo del equipo facilitador de ARC Mediaci\u00f3 Ambiental, especializado en dinamizaci\u00f3n en entornos ambientales y de investigaci\u00f3n aplicada, la jornada ha combinado espacios de trabajo en grupo, debates tem\u00e1ticos y momentos de reflexi\u00f3n colectiva.<\/p>\n\n\n\n<p><\/p>\n\n\n\n<p>El origen de esta jornada parte de una necesidad compartida: mejorar la comunicaci\u00f3n y coordinaci\u00f3n entre proyectos que a menudo operan de manera paralela en un mismo territorio, como es Boumort. Con esta iniciativa, los organizadores han querido crear un espacio de encuentro para compartir metodolog\u00edas, generar alianzas y aprovechar mejor el conocimiento t\u00e9cnico disponible en el territorio.<\/p>\n\n\n\n<p style=\"margin-bottom:var(--wp--preset--spacing--70)\">La valoraci\u00f3n general por parte de los asistentes ha sido muy positiva, destac\u00e1ndose el ambiente de colaboraci\u00f3n, la calidad de los debates, la utilidad pr\u00e1ctica de los resultados obtenidos y la voluntad de repetir esta sesi\u00f3n a lo largo del tiempo.<\/p>\n\n\n\n<figure class=\"wp-block-image size-large\"><img loading=\"lazy\" decoding=\"async\" width=\"1024\" height=\"771\" src=\"https:\/\/prepast.org\/wp-content\/uploads\/2025\/06\/Imatge-de-WhatsApp-2025-06-13-a-les-14.01.53_87579a12-1024x771.jpg\" alt=\"\" class=\"wp-image-2338\" srcset=\"https:\/\/prepast.org\/wp-content\/uploads\/2025\/06\/Imatge-de-WhatsApp-2025-06-13-a-les-14.01.53_87579a12-1024x771.jpg 1024w, https:\/\/prepast.org\/wp-content\/uploads\/2025\/06\/Imatge-de-WhatsApp-2025-06-13-a-les-14.01.53_87579a12-300x226.jpg 300w, https:\/\/prepast.org\/wp-content\/uploads\/2025\/06\/Imatge-de-WhatsApp-2025-06-13-a-les-14.01.53_87579a12-768x578.jpg 768w, https:\/\/prepast.org\/wp-content\/uploads\/2025\/06\/Imatge-de-WhatsApp-2025-06-13-a-les-14.01.53_87579a12-1536x1156.jpg 1536w, https:\/\/prepast.org\/wp-content\/uploads\/2025\/06\/Imatge-de-WhatsApp-2025-06-13-a-les-14.01.53_87579a12-16x12.jpg 16w, https:\/\/prepast.org\/wp-content\/uploads\/2025\/06\/Imatge-de-WhatsApp-2025-06-13-a-les-14.01.53_87579a12.jpg 1600w\" sizes=\"auto, (max-width: 1024px) 100vw, 1024px\" \/><\/figure>","protected":false},"excerpt":{"rendered":"<p>A la jornada hi han participat t\u00e8cnics de 14 projectes diferents aix\u00ed com l&#8217;equip t\u00e8cnic i directiu de la RNC Aquest mat\u00ed, divendres 13 de juny, s\u2019ha celebrat a la Pobla de Segur una jornada t\u00e8cnica participativa impulsada pel projecte PREPAST i l\u2019equip de la Reserva Nacional de Ca\u00e7a del Boumort. L\u2019esdeveniment ha reunit 21 [&hellip;]<\/p>","protected":false},"author":9,"featured_media":2341,"comment_status":"closed","ping_status":"closed","sticky":false,"template":"","format":"standard","meta":{"_uag_custom_page_level_css":"","site-sidebar-layout":"default","site-content-layout":"","ast-site-content-layout":"narrow-width-container","site-content-style":"default","site-sidebar-style":"default","ast-global-header-display":"","ast-banner-title-visibility":"","ast-main-header-display":"","ast-hfb-above-header-display":"","ast-hfb-below-header-display":"","ast-hfb-mobile-header-display":"","site-post-title":"","ast-breadcrumbs-content":"","ast-featured-img":"disabled","footer-sml-layout":"","ast-disable-related-posts":"","theme-transparent-header-meta":"default","adv-header-id-meta":"","stick-header-meta":"","header-above-stick-meta":"","header-main-stick-meta":"","header-below-stick-meta":"","astra-migrate-meta-layouts":"set","ast-page-background-enabled":"default","ast-page-background-meta":{"desktop":{"background-color":"var(--ast-global-color-4)","background-image":"","background-repeat":"repeat","background-position":"center center","background-size":"auto","background-attachment":"scroll","background-type":"","background-media":"","overlay-type":"","overlay-color":"","overlay-opacity":"","overlay-gradient":""},"tablet":{"background-color":"","background-image":"","background-repeat":"repeat","background-position":"center center","background-size":"auto","background-attachment":"scroll","background-type":"","background-media":"","overlay-type":"","overlay-color":"","overlay-opacity":"","overlay-gradient":""},"mobile":{"background-color":"","background-image":"","background-repeat":"repeat","background-position":"center center","background-size":"auto","background-attachment":"scroll","background-type":"","background-media":"","overlay-type":"","overlay-color":"","overlay-opacity":"","overlay-gradient":""}},"ast-content-background-meta":{"desktop":{"background-color":"var(--ast-global-color-5)","background-image":"","background-repeat":"repeat","background-position":"center center","background-size":"auto","background-attachment":"scroll","background-type":"","background-media":"","overlay-type":"","overlay-color":"","overlay-opacity":"","overlay-gradient":""},"tablet":{"background-color":"var(--ast-global-color-5)","background-image":"","background-repeat":"repeat","background-position":"center center","background-size":"auto","background-attachment":"scroll","background-type":"","background-media":"","overlay-type":"","overlay-color":"","overlay-opacity":"","overlay-gradient":""},"mobile":{"background-color":"var(--ast-global-color-5)","background-image":"","background-repeat":"repeat","background-position":"center center","background-size":"auto","background-attachment":"scroll","background-type":"","background-media":"","overlay-type":"","overlay-color":"","overlay-opacity":"","overlay-gradient":""}},"iawp_total_views":11,"footnotes":""},"categories":[11],"tags":[],"class_list":["post-2334","post","type-post","status-publish","format-standard","has-post-thumbnail","hentry","category-noticies"],"yoast_head":"<!-- This site is optimized with the Yoast SEO plugin v22.6 - https:\/\/yoast.com\/wordpress\/plugins\/seo\/ -->\n<title>\u00c8xit de participaci\u00f3 a la jornada t\u00e8cnica participativa dels projectes a la Reserva Nacional de Ca\u00e7a de Boumort - PREPAST<\/title>\n<meta name=\"robots\" content=\"index, follow, max-snippet:-1, max-image-preview:large, max-video-preview:-1\" \/>\n<link rel=\"canonical\" href=\"https:\/\/prepast.org\/es\/exit-participacio-jornada-tecnica-boumort\/\" \/>\n<meta property=\"og:locale\" content=\"es_ES\" \/>\n<meta property=\"og:type\" content=\"article\" \/>\n<meta property=\"og:title\" content=\"\u00c8xit de participaci\u00f3 a la jornada t\u00e8cnica participativa dels projectes a la Reserva Nacional de Ca\u00e7a de Boumort - PREPAST\" \/>\n<meta property=\"og:description\" content=\"A la jornada hi han participat t\u00e8cnics de 14 projectes diferents aix\u00ed com l&#8217;equip t\u00e8cnic i directiu de la RNC Aquest mat\u00ed, divendres 13 de juny, s\u2019ha celebrat a la Pobla de Segur una jornada t\u00e8cnica participativa impulsada pel projecte PREPAST i l\u2019equip de la Reserva Nacional de Ca\u00e7a del Boumort. L\u2019esdeveniment ha reunit 21 [&hellip;]\" \/>\n<meta property=\"og:url\" content=\"https:\/\/prepast.org\/es\/exit-participacio-jornada-tecnica-boumort\/\" \/>\n<meta property=\"og:site_name\" content=\"PREPAST\" \/>\n<meta property=\"article:published_time\" content=\"2025-06-13T15:30:00+00:00\" \/>\n<meta property=\"article:modified_time\" content=\"2025-10-08T11:13:29+00:00\" \/>\n<meta property=\"og:image\" content=\"https:\/\/prepast.org\/wp-content\/uploads\/2025\/06\/Imatge-de-WhatsApp-2025-06-13-a-les-13.46.09_e5537701-1.jpg\" \/>\n\t<meta property=\"og:image:width\" content=\"1600\" \/>\n\t<meta property=\"og:image:height\" content=\"720\" \/>\n\t<meta property=\"og:image:type\" content=\"image\/jpeg\" \/>\n<meta name=\"author\" content=\"gestiolasabina\" \/>\n<meta name=\"twitter:card\" content=\"summary_large_image\" \/>\n<meta name=\"twitter:creator\" content=\"@projecteprepast\" \/>\n<meta name=\"twitter:site\" content=\"@projecteprepast\" \/>\n<meta name=\"twitter:label1\" content=\"Escrito por\" \/>\n\t<meta name=\"twitter:data1\" content=\"gestiolasabina\" \/>\n\t<meta name=\"twitter:label2\" content=\"Tiempo de lectura\" \/>\n\t<meta name=\"twitter:data2\" content=\"2 minutos\" \/>\n<script type=\"application\/ld+json\" class=\"yoast-schema-graph\">{\"@context\":\"https:\/\/schema.org\",\"@graph\":[{\"@type\":\"Article\",\"@id\":\"https:\/\/prepast.org\/exit-participacio-jornada-tecnica-boumort\/#article\",\"isPartOf\":{\"@id\":\"https:\/\/prepast.org\/exit-participacio-jornada-tecnica-boumort\/\"},\"author\":{\"name\":\"gestiolasabina\",\"@id\":\"https:\/\/prepast.org\/#\/schema\/person\/b4c8f4ec3cbcb15de67aee56fe2bce77\"},\"headline\":\"\u00c8xit de participaci\u00f3 a la jornada t\u00e8cnica participativa dels projectes a la Reserva Nacional de Ca\u00e7a de Boumort\",\"datePublished\":\"2025-06-13T15:30:00+00:00\",\"dateModified\":\"2025-10-08T11:13:29+00:00\",\"mainEntityOfPage\":{\"@id\":\"https:\/\/prepast.org\/exit-participacio-jornada-tecnica-boumort\/\"},\"wordCount\":275,\"publisher\":{\"@id\":\"https:\/\/prepast.org\/#organization\"},\"image\":{\"@id\":\"https:\/\/prepast.org\/exit-participacio-jornada-tecnica-boumort\/#primaryimage\"},\"thumbnailUrl\":\"https:\/\/prepast.org\/wp-content\/uploads\/2025\/06\/Imatge-de-WhatsApp-2025-06-13-a-les-13.46.09_e5537701-1.jpg\",\"articleSection\":[\"Not\u00edcies\"],\"inLanguage\":\"es\"},{\"@type\":\"WebPage\",\"@id\":\"https:\/\/prepast.org\/exit-participacio-jornada-tecnica-boumort\/\",\"url\":\"https:\/\/prepast.org\/exit-participacio-jornada-tecnica-boumort\/\",\"name\":\"\u00c8xit de participaci\u00f3 a la jornada t\u00e8cnica participativa dels projectes a la Reserva Nacional de Ca\u00e7a de Boumort - PREPAST\",\"isPartOf\":{\"@id\":\"https:\/\/prepast.org\/#website\"},\"primaryImageOfPage\":{\"@id\":\"https:\/\/prepast.org\/exit-participacio-jornada-tecnica-boumort\/#primaryimage\"},\"image\":{\"@id\":\"https:\/\/prepast.org\/exit-participacio-jornada-tecnica-boumort\/#primaryimage\"},\"thumbnailUrl\":\"https:\/\/prepast.org\/wp-content\/uploads\/2025\/06\/Imatge-de-WhatsApp-2025-06-13-a-les-13.46.09_e5537701-1.jpg\",\"datePublished\":\"2025-06-13T15:30:00+00:00\",\"dateModified\":\"2025-10-08T11:13:29+00:00\",\"breadcrumb\":{\"@id\":\"https:\/\/prepast.org\/exit-participacio-jornada-tecnica-boumort\/#breadcrumb\"},\"inLanguage\":\"es\",\"potentialAction\":[{\"@type\":\"ReadAction\",\"target\":[\"https:\/\/prepast.org\/exit-participacio-jornada-tecnica-boumort\/\"]}]},{\"@type\":\"ImageObject\",\"inLanguage\":\"es\",\"@id\":\"https:\/\/prepast.org\/exit-participacio-jornada-tecnica-boumort\/#primaryimage\",\"url\":\"https:\/\/prepast.org\/wp-content\/uploads\/2025\/06\/Imatge-de-WhatsApp-2025-06-13-a-les-13.46.09_e5537701-1.jpg\",\"contentUrl\":\"https:\/\/prepast.org\/wp-content\/uploads\/2025\/06\/Imatge-de-WhatsApp-2025-06-13-a-les-13.46.09_e5537701-1.jpg\",\"width\":1600,\"height\":720,\"caption\":\"Jornada t\u00e8cnica participativa de projectes del Boumort\"},{\"@type\":\"BreadcrumbList\",\"@id\":\"https:\/\/prepast.org\/exit-participacio-jornada-tecnica-boumort\/#breadcrumb\",\"itemListElement\":[{\"@type\":\"ListItem\",\"position\":1,\"name\":\"Inici\",\"item\":\"https:\/\/prepast.org\/\"},{\"@type\":\"ListItem\",\"position\":2,\"name\":\"\u00c8xit de participaci\u00f3 a la jornada t\u00e8cnica participativa dels projectes a la Reserva Nacional de Ca\u00e7a de Boumort\"}]},{\"@type\":\"WebSite\",\"@id\":\"https:\/\/prepast.org\/#website\",\"url\":\"https:\/\/prepast.org\/\",\"name\":\"PREPAST\",\"description\":\"Pastures del Prepirineu\",\"publisher\":{\"@id\":\"https:\/\/prepast.org\/#organization\"},\"potentialAction\":[{\"@type\":\"SearchAction\",\"target\":{\"@type\":\"EntryPoint\",\"urlTemplate\":\"https:\/\/prepast.org\/?s={search_term_string}\"},\"query-input\":\"required name=search_term_string\"}],\"inLanguage\":\"es\"},{\"@type\":\"Organization\",\"@id\":\"https:\/\/prepast.org\/#organization\",\"name\":\"PREPAST\",\"url\":\"https:\/\/prepast.org\/\",\"logo\":{\"@type\":\"ImageObject\",\"inLanguage\":\"es\",\"@id\":\"https:\/\/prepast.org\/#\/schema\/logo\/image\/\",\"url\":\"https:\/\/prepast.org\/wp-content\/uploads\/2024\/03\/LOGO-PREPAST.png\",\"contentUrl\":\"https:\/\/prepast.org\/wp-content\/uploads\/2024\/03\/LOGO-PREPAST.png\",\"width\":1095,\"height\":1095,\"caption\":\"PREPAST\"},\"image\":{\"@id\":\"https:\/\/prepast.org\/#\/schema\/logo\/image\/\"},\"sameAs\":[\"https:\/\/x.com\/projecteprepast\",\"https:\/\/www.instagram.com\/projecteprepast\/\"]},{\"@type\":\"Person\",\"@id\":\"https:\/\/prepast.org\/#\/schema\/person\/b4c8f4ec3cbcb15de67aee56fe2bce77\",\"name\":\"gestiolasabina\",\"image\":{\"@type\":\"ImageObject\",\"inLanguage\":\"es\",\"@id\":\"https:\/\/prepast.org\/#\/schema\/person\/image\/\",\"url\":\"https:\/\/secure.gravatar.com\/avatar\/74ecbf952657685a15058cbf09e617497d25b2b61d7cea9c4f786d954d109060?s=96&d=mm&r=g\",\"contentUrl\":\"https:\/\/secure.gravatar.com\/avatar\/74ecbf952657685a15058cbf09e617497d25b2b61d7cea9c4f786d954d109060?s=96&d=mm&r=g\",\"caption\":\"gestiolasabina\"},\"url\":\"https:\/\/prepast.org\/es\/author\/gestiolasabina\/\"}]}<\/script>\n<!-- \/ Yoast SEO plugin. -->","yoast_head_json":{"title":"\u00c8xit de participaci\u00f3 a la jornada t\u00e8cnica participativa dels projectes a la Reserva Nacional de Ca\u00e7a de Boumort - PREPAST","robots":{"index":"index","follow":"follow","max-snippet":"max-snippet:-1","max-image-preview":"max-image-preview:large","max-video-preview":"max-video-preview:-1"},"canonical":"https:\/\/prepast.org\/es\/exit-participacio-jornada-tecnica-boumort\/","og_locale":"es_ES","og_type":"article","og_title":"\u00c8xit de participaci\u00f3 a la jornada t\u00e8cnica participativa dels projectes a la Reserva Nacional de Ca\u00e7a de Boumort - PREPAST","og_description":"A la jornada hi han participat t\u00e8cnics de 14 projectes diferents aix\u00ed com l&#8217;equip t\u00e8cnic i directiu de la RNC Aquest mat\u00ed, divendres 13 de juny, s\u2019ha celebrat a la Pobla de Segur una jornada t\u00e8cnica participativa impulsada pel projecte PREPAST i l\u2019equip de la Reserva Nacional de Ca\u00e7a del Boumort. L\u2019esdeveniment ha reunit 21 [&hellip;]","og_url":"https:\/\/prepast.org\/es\/exit-participacio-jornada-tecnica-boumort\/","og_site_name":"PREPAST","article_published_time":"2025-06-13T15:30:00+00:00","article_modified_time":"2025-10-08T11:13:29+00:00","og_image":[{"width":1600,"height":720,"url":"https:\/\/prepast.org\/wp-content\/uploads\/2025\/06\/Imatge-de-WhatsApp-2025-06-13-a-les-13.46.09_e5537701-1.jpg","type":"image\/jpeg"}],"author":"gestiolasabina","twitter_card":"summary_large_image","twitter_creator":"@projecteprepast","twitter_site":"@projecteprepast","twitter_misc":{"Escrito por":"gestiolasabina","Tiempo de lectura":"2 minutos"},"schema":{"@context":"https:\/\/schema.org","@graph":[{"@type":"Article","@id":"https:\/\/prepast.org\/exit-participacio-jornada-tecnica-boumort\/#article","isPartOf":{"@id":"https:\/\/prepast.org\/exit-participacio-jornada-tecnica-boumort\/"},"author":{"name":"gestiolasabina","@id":"https:\/\/prepast.org\/#\/schema\/person\/b4c8f4ec3cbcb15de67aee56fe2bce77"},"headline":"\u00c8xit de participaci\u00f3 a la jornada t\u00e8cnica participativa dels projectes a la Reserva Nacional de Ca\u00e7a de Boumort","datePublished":"2025-06-13T15:30:00+00:00","dateModified":"2025-10-08T11:13:29+00:00","mainEntityOfPage":{"@id":"https:\/\/prepast.org\/exit-participacio-jornada-tecnica-boumort\/"},"wordCount":275,"publisher":{"@id":"https:\/\/prepast.org\/#organization"},"image":{"@id":"https:\/\/prepast.org\/exit-participacio-jornada-tecnica-boumort\/#primaryimage"},"thumbnailUrl":"https:\/\/prepast.org\/wp-content\/uploads\/2025\/06\/Imatge-de-WhatsApp-2025-06-13-a-les-13.46.09_e5537701-1.jpg","articleSection":["Not\u00edcies"],"inLanguage":"es"},{"@type":"WebPage","@id":"https:\/\/prepast.org\/exit-participacio-jornada-tecnica-boumort\/","url":"https:\/\/prepast.org\/exit-participacio-jornada-tecnica-boumort\/","name":"\u00c8xit de participaci\u00f3 a la jornada t\u00e8cnica participativa dels projectes a la Reserva Nacional de Ca\u00e7a de Boumort - PREPAST","isPartOf":{"@id":"https:\/\/prepast.org\/#website"},"primaryImageOfPage":{"@id":"https:\/\/prepast.org\/exit-participacio-jornada-tecnica-boumort\/#primaryimage"},"image":{"@id":"https:\/\/prepast.org\/exit-participacio-jornada-tecnica-boumort\/#primaryimage"},"thumbnailUrl":"https:\/\/prepast.org\/wp-content\/uploads\/2025\/06\/Imatge-de-WhatsApp-2025-06-13-a-les-13.46.09_e5537701-1.jpg","datePublished":"2025-06-13T15:30:00+00:00","dateModified":"2025-10-08T11:13:29+00:00","breadcrumb":{"@id":"https:\/\/prepast.org\/exit-participacio-jornada-tecnica-boumort\/#breadcrumb"},"inLanguage":"es","potentialAction":[{"@type":"ReadAction","target":["https:\/\/prepast.org\/exit-participacio-jornada-tecnica-boumort\/"]}]},{"@type":"ImageObject","inLanguage":"es","@id":"https:\/\/prepast.org\/exit-participacio-jornada-tecnica-boumort\/#primaryimage","url":"https:\/\/prepast.org\/wp-content\/uploads\/2025\/06\/Imatge-de-WhatsApp-2025-06-13-a-les-13.46.09_e5537701-1.jpg","contentUrl":"https:\/\/prepast.org\/wp-content\/uploads\/2025\/06\/Imatge-de-WhatsApp-2025-06-13-a-les-13.46.09_e5537701-1.jpg","width":1600,"height":720,"caption":"Jornada t\u00e8cnica participativa de projectes del Boumort"},{"@type":"BreadcrumbList","@id":"https:\/\/prepast.org\/exit-participacio-jornada-tecnica-boumort\/#breadcrumb","itemListElement":[{"@type":"ListItem","position":1,"name":"Inici","item":"https:\/\/prepast.org\/"},{"@type":"ListItem","position":2,"name":"\u00c8xit de participaci\u00f3 a la jornada t\u00e8cnica participativa dels projectes a la Reserva Nacional de Ca\u00e7a de Boumort"}]},{"@type":"WebSite","@id":"https:\/\/prepast.org\/#website","url":"https:\/\/prepast.org\/","name":"PREPAST","description":"Pastos del Prepirineo","publisher":{"@id":"https:\/\/prepast.org\/#organization"},"potentialAction":[{"@type":"SearchAction","target":{"@type":"EntryPoint","urlTemplate":"https:\/\/prepast.org\/?s={search_term_string}"},"query-input":"required name=search_term_string"}],"inLanguage":"es"},{"@type":"Organization","@id":"https:\/\/prepast.org\/#organization","name":"PREPAST","url":"https:\/\/prepast.org\/","logo":{"@type":"ImageObject","inLanguage":"es","@id":"https:\/\/prepast.org\/#\/schema\/logo\/image\/","url":"https:\/\/prepast.org\/wp-content\/uploads\/2024\/03\/LOGO-PREPAST.png","contentUrl":"https:\/\/prepast.org\/wp-content\/uploads\/2024\/03\/LOGO-PREPAST.png","width":1095,"height":1095,"caption":"PREPAST"},"image":{"@id":"https:\/\/prepast.org\/#\/schema\/logo\/image\/"},"sameAs":["https:\/\/x.com\/projecteprepast","https:\/\/www.instagram.com\/projecteprepast\/"]},{"@type":"Person","@id":"https:\/\/prepast.org\/#\/schema\/person\/b4c8f4ec3cbcb15de67aee56fe2bce77","name":"gestiolasabina","image":{"@type":"ImageObject","inLanguage":"es","@id":"https:\/\/prepast.org\/#\/schema\/person\/image\/","url":"https:\/\/secure.gravatar.com\/avatar\/74ecbf952657685a15058cbf09e617497d25b2b61d7cea9c4f786d954d109060?s=96&d=mm&r=g","contentUrl":"https:\/\/secure.gravatar.com\/avatar\/74ecbf952657685a15058cbf09e617497d25b2b61d7cea9c4f786d954d109060?s=96&d=mm&r=g","caption":"gestiolasabina"},"url":"https:\/\/prepast.org\/es\/author\/gestiolasabina\/"}]}},"uagb_featured_image_src":{"full":["https:\/\/prepast.org\/wp-content\/uploads\/2025\/06\/Imatge-de-WhatsApp-2025-06-13-a-les-13.46.09_e5537701-1.jpg",1600,720,false],"thumbnail":["https:\/\/prepast.org\/wp-content\/uploads\/2025\/06\/Imatge-de-WhatsApp-2025-06-13-a-les-13.46.09_e5537701-1-150x150.jpg",150,150,true],"medium":["https:\/\/prepast.org\/wp-content\/uploads\/2025\/06\/Imatge-de-WhatsApp-2025-06-13-a-les-13.46.09_e5537701-1-300x135.jpg",300,135,true],"medium_large":["https:\/\/prepast.org\/wp-content\/uploads\/2025\/06\/Imatge-de-WhatsApp-2025-06-13-a-les-13.46.09_e5537701-1-768x346.jpg",768,346,true],"large":["https:\/\/prepast.org\/wp-content\/uploads\/2025\/06\/Imatge-de-WhatsApp-2025-06-13-a-les-13.46.09_e5537701-1-1024x461.jpg",1024,461,true],"1536x1536":["https:\/\/prepast.org\/wp-content\/uploads\/2025\/06\/Imatge-de-WhatsApp-2025-06-13-a-les-13.46.09_e5537701-1-1536x691.jpg",1536,691,true],"2048x2048":["https:\/\/prepast.org\/wp-content\/uploads\/2025\/06\/Imatge-de-WhatsApp-2025-06-13-a-les-13.46.09_e5537701-1.jpg",1600,720,false],"trp-custom-language-flag":["https:\/\/prepast.org\/wp-content\/uploads\/2025\/06\/Imatge-de-WhatsApp-2025-06-13-a-les-13.46.09_e5537701-1-18x8.jpg",18,8,true]},"uagb_author_info":{"display_name":"gestiolasabina","author_link":"https:\/\/prepast.org\/es\/author\/gestiolasabina\/"},"uagb_comment_info":0,"uagb_excerpt":"A la jornada hi han participat t\u00e8cnics de 14 projectes diferents aix\u00ed com l&#8217;equip t\u00e8cnic i directiu de la RNC Aquest mat\u00ed, divendres 13 de juny, s\u2019ha celebrat a la Pobla de Segur una jornada t\u00e8cnica participativa impulsada pel projecte PREPAST i l\u2019equip de la Reserva Nacional de Ca\u00e7a del Boumort. L\u2019esdeveniment ha reunit 21&hellip;","_links":{"self":[{"href":"https:\/\/prepast.org\/es\/wp-json\/wp\/v2\/posts\/2334","targetHints":{"allow":["GET"]}}],"collection":[{"href":"https:\/\/prepast.org\/es\/wp-json\/wp\/v2\/posts"}],"about":[{"href":"https:\/\/prepast.org\/es\/wp-json\/wp\/v2\/types\/post"}],"author":[{"embeddable":true,"href":"https:\/\/prepast.org\/es\/wp-json\/wp\/v2\/users\/9"}],"replies":[{"embeddable":true,"href":"https:\/\/prepast.org\/es\/wp-json\/wp\/v2\/comments?post=2334"}],"version-history":[{"count":10,"href":"https:\/\/prepast.org\/es\/wp-json\/wp\/v2\/posts\/2334\/revisions"}],"predecessor-version":[{"id":2353,"href":"https:\/\/prepast.org\/es\/wp-json\/wp\/v2\/posts\/2334\/revisions\/2353"}],"wp:featuredmedia":[{"embeddable":true,"href":"https:\/\/prepast.org\/es\/wp-json\/wp\/v2\/media\/2341"}],"wp:attachment":[{"href":"https:\/\/prepast.org\/es\/wp-json\/wp\/v2\/media?parent=2334"}],"wp:term":[{"taxonomy":"category","embeddable":true,"href":"https:\/\/prepast.org\/es\/wp-json\/wp\/v2\/categories?post=2334"},{"taxonomy":"post_tag","embeddable":true,"href":"https:\/\/prepast.org\/es\/wp-json\/wp\/v2\/tags?post=2334"}],"curies":[{"name":"wp","href":"https:\/\/api.w.org\/{rel}","templated":true}]}}