{"id":3040,"date":"2025-10-27T10:16:37","date_gmt":"2025-10-27T09:16:37","guid":{"rendered":"https:\/\/prepast.org\/?p=3040"},"modified":"2025-10-28T10:22:36","modified_gmt":"2025-10-28T09:22:36","slug":"exit-fira-ramadera-ager","status":"publish","type":"post","link":"https:\/\/prepast.org\/es\/exit-fira-ramadera-ager\/","title":{"rendered":"\u00c8xit de la primera Fira Ramadera d&#8217;\u00c0ger"},"content":{"rendered":"<div class=\"wp-block-uagb-image uagb-block-ceb4286a wp-block-uagb-image--layout-default wp-block-uagb-image--effect-static wp-block-uagb-image--align-none\"><figure class=\"wp-block-uagb-image__figure\"><img decoding=\"async\" srcset=\"https:\/\/prepast.org\/wp-content\/uploads\/2025\/10\/BA88565-1024x682.jpg ,https:\/\/prepast.org\/wp-content\/uploads\/2025\/10\/BA88565.jpg 780w, https:\/\/prepast.org\/wp-content\/uploads\/2025\/10\/BA88565.jpg 360w\" sizes=\"auto, (max-width: 480px) 150px\" src=\"https:\/\/prepast.org\/wp-content\/uploads\/2025\/10\/BA88565-1024x682.jpg\" alt=\"\" class=\"uag-image-3041\" width=\"1024\" height=\"680\" title=\"_BA88565\" loading=\"lazy\" role=\"img\"\/><\/figure><\/div>\n\n\n\n<div style=\"height:50px\" aria-hidden=\"true\" class=\"wp-block-spacer\"><\/div>\n\n\n\n<p><\/p>\n\n\n\n<h4 class=\"wp-block-heading\"><strong>La Fira d\u2019\u00c0ger reuneix prop d\u2019un miler de persones en una jornada dedicada al m\u00f3n ramader, l\u2019artesania i la tradici\u00f3<\/strong><\/h4>\n\n\n\n<p>La vila d\u2019\u00c0ger va celebrar aquest dissabte 25 d\u2019octubre la primera Fira Ramadera que va atraure prop d\u2019un miler de visitants al llarg de la jornada. Tot i que no es van poder exposar animals per les restriccions sanit\u00e0ries derivades de l\u2019alerta per Dermatosi Nodular Contagiosa, la fira va mantenir el seu esperit amb un programa intens d\u2019activitats centrades en el m\u00f3n rural, els oficis tradicionals i la gastronomia local.<\/p>\n\n\n\n<h4 class=\"wp-block-heading\"><strong>Oficis tradicionals i transhum\u00e0ncia al cor d\u2019\u00c0ger<\/strong><\/h4>\n\n\n\n<p>Els carrers d\u2019\u00c0ger es van omplir d\u2019expositors artesans i productors de proximitat, que van oferir productes agroalimentaris i artesanals de la Noguera i comarques ve\u00efnes. La jornada va comptar amb una gran participaci\u00f3 en les exhibicions d\u2019oficis tradicionals, on es van poder veure demostracions de tel\u00b7leres, cistellers, sabaters i altres representacions d\u2019antics sabers que mantenen viu el patrimoni rural del territori.<\/p>\n\n\n\n<div class=\"wp-block-uagb-image uagb-block-0fdbed71 wp-block-uagb-image--layout-default wp-block-uagb-image--effect-static wp-block-uagb-image--align-none\"><figure class=\"wp-block-uagb-image__figure\"><img decoding=\"async\" srcset=\"https:\/\/prepast.org\/wp-content\/uploads\/2025\/10\/BA88597-1024x682.jpg ,https:\/\/prepast.org\/wp-content\/uploads\/2025\/10\/BA88597.jpg 780w, https:\/\/prepast.org\/wp-content\/uploads\/2025\/10\/BA88597.jpg 360w\" sizes=\"auto, (max-width: 480px) 150px\" src=\"https:\/\/prepast.org\/wp-content\/uploads\/2025\/10\/BA88597-1024x682.jpg\" alt=\"\" class=\"uag-image-3042\" width=\"1024\" height=\"682\" title=\"_BA88597\" loading=\"lazy\" role=\"img\"\/><\/figure><\/div>\n\n\n\n<div style=\"height:30px\" aria-hidden=\"true\" class=\"wp-block-spacer\"><\/div>\n\n\n\n<p>Un dels moments destacats del mat\u00ed va ser l\u2019espectacle transhumant que va rec\u00f3rrer l\u2019eix de la Fira, evocant el pas dels ramats pels camins tradicionals de la serra del Montsec i recordant el paper fonamental de la ramaderia extensiva en la configuraci\u00f3 del paisatge i la cultura local.<\/p>\n\n\n\n<h4 class=\"wp-block-heading\"><strong>Gastronomia de proximitat amb Maria Nicolau i degustacions locals<\/strong><\/h4>\n\n\n\n<p>El showcooking a c\u00e0rrec de&nbsp; la cuinera Maria Nicolau va ser un altre dels punts forts de la jornada, amb m\u00e9s d\u2019un centenar d\u2019assistents que van seguir amb atenci\u00f3 la seva demostraci\u00f3 culin\u00e0ria centrada en el corder com a producte emblema del territori. L\u2019activitat va posar en valor la cuina de proximitat i la import\u00e0ncia de la cadena aliment\u00e0ria vinculada als ramaders locals.<\/p>\n\n\n\n<div class=\"wp-block-uagb-image uagb-block-358be5b6 wp-block-uagb-image--layout-default wp-block-uagb-image--effect-static wp-block-uagb-image--align-none\"><figure class=\"wp-block-uagb-image__figure\"><img decoding=\"async\" srcset=\"https:\/\/prepast.org\/wp-content\/uploads\/2025\/10\/BA88656-1024x682.jpg ,https:\/\/prepast.org\/wp-content\/uploads\/2025\/10\/BA88656.jpg 780w, https:\/\/prepast.org\/wp-content\/uploads\/2025\/10\/BA88656.jpg 360w\" sizes=\"auto, (max-width: 480px) 150px\" src=\"https:\/\/prepast.org\/wp-content\/uploads\/2025\/10\/BA88656-1024x682.jpg\" alt=\"\" class=\"uag-image-3045\" width=\"1024\" height=\"682\" title=\"_BA88656\" loading=\"lazy\" role=\"img\"\/><\/figure><\/div>\n\n\n\n<div style=\"height:30px\" aria-hidden=\"true\" class=\"wp-block-spacer\"><\/div>\n\n\n\n<p>Arribada l\u2019hora de dinar, una part dels assistents a la fira, van poder gaudir d\u2019una degustaci\u00f3 de productes de la comarca, entre els quals va destacar una caldereta de crest\u00f3 de cabra catalana, una recepta tradicional que recupera una esp\u00e8cie aut\u00f2ctona en proc\u00e9s de revaloritzaci\u00f3 gastron\u00f2mica.<\/p>\n\n\n\n<h4 class=\"wp-block-heading\"><strong>Cultura i debat sobre el futur del m\u00f3n rural<\/strong><\/h4>\n\n\n\n<p>La tarda va estar dedicada a la projecci\u00f3 de dos documentals sobre la transhum\u00e0ncia, que van reunir unes 50 persones. Les sessions van concloure amb un debat obert entre els productors audiovisuals i diversos ramaders de la zona, que van compartir reflexions sobre els reptes del sector, la sostenibilitat i el relleu generacional. Paral\u00b7lelament, el p\u00fablic m\u00e9s jove de la fira, van poder gaudir d\u2019un espectacle de titelles i tallers educatius inspirats en donar a con\u00e8ixer el mon ramader als m\u00e9s petits.&nbsp;<\/p>\n\n\n\n<div class=\"wp-block-uagb-image uagb-block-4e92d23f wp-block-uagb-image--layout-default wp-block-uagb-image--effect-static wp-block-uagb-image--align-none\"><figure class=\"wp-block-uagb-image__figure\"><img decoding=\"async\" srcset=\"https:\/\/prepast.org\/wp-content\/uploads\/2025\/10\/IMG_20251025_190914-1024x461.jpg ,https:\/\/prepast.org\/wp-content\/uploads\/2025\/10\/IMG_20251025_190914-scaled.jpg 780w, https:\/\/prepast.org\/wp-content\/uploads\/2025\/10\/IMG_20251025_190914-scaled.jpg 360w\" sizes=\"auto, (max-width: 480px) 150px\" src=\"https:\/\/prepast.org\/wp-content\/uploads\/2025\/10\/IMG_20251025_190914-1024x461.jpg\" alt=\"\" class=\"uag-image-3049\" width=\"1024\" height=\"680\" title=\"IMG_20251025_190914\" loading=\"lazy\" role=\"img\"\/><\/figure><\/div>\n\n\n\n<div style=\"height:30px\" aria-hidden=\"true\" class=\"wp-block-spacer\"><\/div>\n\n\n\n<p>Des de l\u2019Ajuntament d\u2019\u00c0ger s\u2019ha valorat molt positivament el desenvolupament de la fira i la resposta del p\u00fablic. \u201cHa estat una jornada molt completa que demostra que el Montsec \u00e9s un espai viu, que connecta tradici\u00f3, cultura i territori\u201d, ha comentat Salvador Boya, t\u00e8cnic de l\u2019Ajuntament d\u2019\u00c0ger.<\/p>\n\n\n\n<p>L&#8217;Alcaldessa Mireia Burgu\u00e9s afirma que \u201camb aquesta edici\u00f3, la fira pret\u00e9n consolidar el seu paper com a punt de trobada per al sector primari i la ciutadania, refor\u00e7ant el comprom\u00eds d\u2019\u00c0ger amb la conservaci\u00f3 del patrimoni rural, la promoci\u00f3 dels productes locals i la dinamitzaci\u00f3 del m\u00f3n agroramader al cor de la Noguera\u201d.<\/p>\n\n\n\n<p><\/p>\n\n\n\n<figure class=\"wp-block-gallery has-nested-images columns-default is-cropped wp-block-gallery-1 is-layout-flex wp-block-gallery-is-layout-flex\">\n<figure class=\"wp-block-image size-large\"><img loading=\"lazy\" decoding=\"async\" width=\"1024\" height=\"682\" data-id=\"3046\" src=\"https:\/\/prepast.org\/wp-content\/uploads\/2025\/10\/BA88684-1024x682.jpg\" alt=\"\" class=\"wp-image-3046\" srcset=\"https:\/\/prepast.org\/wp-content\/uploads\/2025\/10\/BA88684-1024x682.jpg 1024w, https:\/\/prepast.org\/wp-content\/uploads\/2025\/10\/BA88684-300x200.jpg 300w, https:\/\/prepast.org\/wp-content\/uploads\/2025\/10\/BA88684-768x512.jpg 768w, https:\/\/prepast.org\/wp-content\/uploads\/2025\/10\/BA88684-1536x1024.jpg 1536w, https:\/\/prepast.org\/wp-content\/uploads\/2025\/10\/BA88684-18x12.jpg 18w, https:\/\/prepast.org\/wp-content\/uploads\/2025\/10\/BA88684.jpg 2000w\" sizes=\"auto, (max-width: 1024px) 100vw, 1024px\" \/><\/figure>\n\n\n\n<figure class=\"wp-block-image size-large\"><img loading=\"lazy\" decoding=\"async\" width=\"1024\" height=\"461\" data-id=\"3047\" src=\"https:\/\/prepast.org\/wp-content\/uploads\/2025\/10\/IMG_20251025_145952-1024x461.jpg\" alt=\"\" class=\"wp-image-3047\" srcset=\"https:\/\/prepast.org\/wp-content\/uploads\/2025\/10\/IMG_20251025_145952-1024x461.jpg 1024w, https:\/\/prepast.org\/wp-content\/uploads\/2025\/10\/IMG_20251025_145952-300x135.jpg 300w, https:\/\/prepast.org\/wp-content\/uploads\/2025\/10\/IMG_20251025_145952-768x346.jpg 768w, https:\/\/prepast.org\/wp-content\/uploads\/2025\/10\/IMG_20251025_145952-1536x691.jpg 1536w, https:\/\/prepast.org\/wp-content\/uploads\/2025\/10\/IMG_20251025_145952-2048x922.jpg 2048w, https:\/\/prepast.org\/wp-content\/uploads\/2025\/10\/IMG_20251025_145952-18x8.jpg 18w\" sizes=\"auto, (max-width: 1024px) 100vw, 1024px\" \/><\/figure>\n\n\n\n<figure class=\"wp-block-image size-large\"><img loading=\"lazy\" decoding=\"async\" width=\"1024\" height=\"681\" data-id=\"3048\" src=\"https:\/\/prepast.org\/wp-content\/uploads\/2025\/10\/IMG_20251025_1513542-1024x681.jpg\" alt=\"\" class=\"wp-image-3048\" srcset=\"https:\/\/prepast.org\/wp-content\/uploads\/2025\/10\/IMG_20251025_1513542-1024x681.jpg 1024w, https:\/\/prepast.org\/wp-content\/uploads\/2025\/10\/IMG_20251025_1513542-300x199.jpg 300w, https:\/\/prepast.org\/wp-content\/uploads\/2025\/10\/IMG_20251025_1513542-768x510.jpg 768w, https:\/\/prepast.org\/wp-content\/uploads\/2025\/10\/IMG_20251025_1513542-1536x1021.jpg 1536w, https:\/\/prepast.org\/wp-content\/uploads\/2025\/10\/IMG_20251025_1513542-2048x1361.jpg 2048w, https:\/\/prepast.org\/wp-content\/uploads\/2025\/10\/IMG_20251025_1513542-18x12.jpg 18w\" sizes=\"auto, (max-width: 1024px) 100vw, 1024px\" \/><\/figure>\n\n\n\n<figure class=\"wp-block-image size-large\"><img loading=\"lazy\" decoding=\"async\" width=\"1024\" height=\"682\" data-id=\"3043\" src=\"https:\/\/prepast.org\/wp-content\/uploads\/2025\/10\/BA88636-1024x682.jpg\" alt=\"\" class=\"wp-image-3043\" srcset=\"https:\/\/prepast.org\/wp-content\/uploads\/2025\/10\/BA88636-1024x682.jpg 1024w, https:\/\/prepast.org\/wp-content\/uploads\/2025\/10\/BA88636-300x200.jpg 300w, https:\/\/prepast.org\/wp-content\/uploads\/2025\/10\/BA88636-768x512.jpg 768w, https:\/\/prepast.org\/wp-content\/uploads\/2025\/10\/BA88636-1536x1024.jpg 1536w, https:\/\/prepast.org\/wp-content\/uploads\/2025\/10\/BA88636-18x12.jpg 18w, https:\/\/prepast.org\/wp-content\/uploads\/2025\/10\/BA88636.jpg 2000w\" sizes=\"auto, (max-width: 1024px) 100vw, 1024px\" \/><\/figure>\n<\/figure>","protected":false},"excerpt":{"rendered":"<p>La Fira d\u2019\u00c0ger reuneix prop d\u2019un miler de persones en una jornada dedicada al m\u00f3n ramader, l\u2019artesania i la tradici\u00f3 La vila d\u2019\u00c0ger va celebrar aquest dissabte 25 d\u2019octubre la primera Fira Ramadera que va atraure prop d\u2019un miler de visitants al llarg de la jornada. Tot i que no es van poder exposar animals [&hellip;]<\/p>","protected":false},"author":9,"featured_media":3043,"comment_status":"closed","ping_status":"closed","sticky":false,"template":"","format":"standard","meta":{"_uag_custom_page_level_css":"","site-sidebar-layout":"default","site-content-layout":"","ast-site-content-layout":"narrow-width-container","site-content-style":"default","site-sidebar-style":"default","ast-global-header-display":"","ast-banner-title-visibility":"","ast-main-header-display":"","ast-hfb-above-header-display":"","ast-hfb-below-header-display":"","ast-hfb-mobile-header-display":"","site-post-title":"","ast-breadcrumbs-content":"","ast-featured-img":"disabled","footer-sml-layout":"","ast-disable-related-posts":"","theme-transparent-header-meta":"default","adv-header-id-meta":"","stick-header-meta":"","header-above-stick-meta":"","header-main-stick-meta":"","header-below-stick-meta":"","astra-migrate-meta-layouts":"set","ast-page-background-enabled":"default","ast-page-background-meta":{"desktop":{"background-color":"var(--ast-global-color-4)","background-image":"","background-repeat":"repeat","background-position":"center center","background-size":"auto","background-attachment":"scroll","background-type":"","background-media":"","overlay-type":"","overlay-color":"","overlay-opacity":"","overlay-gradient":""},"tablet":{"background-color":"","background-image":"","background-repeat":"repeat","background-position":"center center","background-size":"auto","background-attachment":"scroll","background-type":"","background-media":"","overlay-type":"","overlay-color":"","overlay-opacity":"","overlay-gradient":""},"mobile":{"background-color":"","background-image":"","background-repeat":"repeat","background-position":"center center","background-size":"auto","background-attachment":"scroll","background-type":"","background-media":"","overlay-type":"","overlay-color":"","overlay-opacity":"","overlay-gradient":""}},"ast-content-background-meta":{"desktop":{"background-color":"var(--ast-global-color-5)","background-image":"","background-repeat":"repeat","background-position":"center center","background-size":"auto","background-attachment":"scroll","background-type":"","background-media":"","overlay-type":"","overlay-color":"","overlay-opacity":"","overlay-gradient":""},"tablet":{"background-color":"var(--ast-global-color-5)","background-image":"","background-repeat":"repeat","background-position":"center center","background-size":"auto","background-attachment":"scroll","background-type":"","background-media":"","overlay-type":"","overlay-color":"","overlay-opacity":"","overlay-gradient":""},"mobile":{"background-color":"var(--ast-global-color-5)","background-image":"","background-repeat":"repeat","background-position":"center center","background-size":"auto","background-attachment":"scroll","background-type":"","background-media":"","overlay-type":"","overlay-color":"","overlay-opacity":"","overlay-gradient":""}},"iawp_total_views":21,"footnotes":""},"categories":[11],"tags":[],"class_list":["post-3040","post","type-post","status-publish","format-standard","has-post-thumbnail","hentry","category-noticies"],"yoast_head":"<!-- This site is optimized with the Yoast SEO plugin v22.6 - https:\/\/yoast.com\/wordpress\/plugins\/seo\/ -->\n<title>\u00c8xit de la primera Fira Ramadera d&#039;\u00c0ger - PREPAST<\/title>\n<meta name=\"robots\" content=\"index, follow, max-snippet:-1, max-image-preview:large, max-video-preview:-1\" \/>\n<link rel=\"canonical\" href=\"https:\/\/prepast.org\/es\/exit-fira-ramadera-ager\/\" \/>\n<meta property=\"og:locale\" content=\"es_ES\" \/>\n<meta property=\"og:type\" content=\"article\" \/>\n<meta property=\"og:title\" content=\"\u00c8xit de la primera Fira Ramadera d&#039;\u00c0ger - PREPAST\" \/>\n<meta property=\"og:description\" content=\"La Fira d\u2019\u00c0ger reuneix prop d\u2019un miler de persones en una jornada dedicada al m\u00f3n ramader, l\u2019artesania i la tradici\u00f3 La vila d\u2019\u00c0ger va celebrar aquest dissabte 25 d\u2019octubre la primera Fira Ramadera que va atraure prop d\u2019un miler de visitants al llarg de la jornada. Tot i que no es van poder exposar animals [&hellip;]\" \/>\n<meta property=\"og:url\" content=\"https:\/\/prepast.org\/es\/exit-fira-ramadera-ager\/\" \/>\n<meta property=\"og:site_name\" content=\"PREPAST\" \/>\n<meta property=\"article:published_time\" content=\"2025-10-27T09:16:37+00:00\" \/>\n<meta property=\"article:modified_time\" content=\"2025-10-28T09:22:36+00:00\" \/>\n<meta property=\"og:image\" content=\"https:\/\/prepast.org\/wp-content\/uploads\/2025\/10\/BA88636.jpg\" \/>\n\t<meta property=\"og:image:width\" content=\"2000\" \/>\n\t<meta property=\"og:image:height\" content=\"1333\" \/>\n\t<meta property=\"og:image:type\" content=\"image\/jpeg\" \/>\n<meta name=\"author\" content=\"gestiolasabina\" \/>\n<meta name=\"twitter:card\" content=\"summary_large_image\" \/>\n<meta name=\"twitter:creator\" content=\"@projecteprepast\" \/>\n<meta name=\"twitter:site\" content=\"@projecteprepast\" \/>\n<meta name=\"twitter:label1\" content=\"Escrito por\" \/>\n\t<meta name=\"twitter:data1\" content=\"gestiolasabina\" \/>\n\t<meta name=\"twitter:label2\" content=\"Tiempo de lectura\" \/>\n\t<meta name=\"twitter:data2\" content=\"5 minutos\" \/>\n<script type=\"application\/ld+json\" class=\"yoast-schema-graph\">{\"@context\":\"https:\/\/schema.org\",\"@graph\":[{\"@type\":\"Article\",\"@id\":\"https:\/\/prepast.org\/exit-fira-ramadera-ager\/#article\",\"isPartOf\":{\"@id\":\"https:\/\/prepast.org\/exit-fira-ramadera-ager\/\"},\"author\":{\"name\":\"gestiolasabina\",\"@id\":\"https:\/\/prepast.org\/#\/schema\/person\/b4c8f4ec3cbcb15de67aee56fe2bce77\"},\"headline\":\"\u00c8xit de la primera Fira Ramadera d&#8217;\u00c0ger\",\"datePublished\":\"2025-10-27T09:16:37+00:00\",\"dateModified\":\"2025-10-28T09:22:36+00:00\",\"mainEntityOfPage\":{\"@id\":\"https:\/\/prepast.org\/exit-fira-ramadera-ager\/\"},\"wordCount\":581,\"publisher\":{\"@id\":\"https:\/\/prepast.org\/#organization\"},\"image\":{\"@id\":\"https:\/\/prepast.org\/exit-fira-ramadera-ager\/#primaryimage\"},\"thumbnailUrl\":\"https:\/\/prepast.org\/wp-content\/uploads\/2025\/10\/BA88636.jpg\",\"articleSection\":[\"Not\u00edcies\"],\"inLanguage\":\"es\"},{\"@type\":\"WebPage\",\"@id\":\"https:\/\/prepast.org\/exit-fira-ramadera-ager\/\",\"url\":\"https:\/\/prepast.org\/exit-fira-ramadera-ager\/\",\"name\":\"\u00c8xit de la primera Fira Ramadera d'\u00c0ger - PREPAST\",\"isPartOf\":{\"@id\":\"https:\/\/prepast.org\/#website\"},\"primaryImageOfPage\":{\"@id\":\"https:\/\/prepast.org\/exit-fira-ramadera-ager\/#primaryimage\"},\"image\":{\"@id\":\"https:\/\/prepast.org\/exit-fira-ramadera-ager\/#primaryimage\"},\"thumbnailUrl\":\"https:\/\/prepast.org\/wp-content\/uploads\/2025\/10\/BA88636.jpg\",\"datePublished\":\"2025-10-27T09:16:37+00:00\",\"dateModified\":\"2025-10-28T09:22:36+00:00\",\"breadcrumb\":{\"@id\":\"https:\/\/prepast.org\/exit-fira-ramadera-ager\/#breadcrumb\"},\"inLanguage\":\"es\",\"potentialAction\":[{\"@type\":\"ReadAction\",\"target\":[\"https:\/\/prepast.org\/exit-fira-ramadera-ager\/\"]}]},{\"@type\":\"ImageObject\",\"inLanguage\":\"es\",\"@id\":\"https:\/\/prepast.org\/exit-fira-ramadera-ager\/#primaryimage\",\"url\":\"https:\/\/prepast.org\/wp-content\/uploads\/2025\/10\/BA88636.jpg\",\"contentUrl\":\"https:\/\/prepast.org\/wp-content\/uploads\/2025\/10\/BA88636.jpg\",\"width\":2000,\"height\":1333,\"caption\":\"Mostra d'oficis tradicionals i transhum\u00e0ncia\"},{\"@type\":\"BreadcrumbList\",\"@id\":\"https:\/\/prepast.org\/exit-fira-ramadera-ager\/#breadcrumb\",\"itemListElement\":[{\"@type\":\"ListItem\",\"position\":1,\"name\":\"Inici\",\"item\":\"https:\/\/prepast.org\/\"},{\"@type\":\"ListItem\",\"position\":2,\"name\":\"\u00c8xit de la primera Fira Ramadera d&#8217;\u00c0ger\"}]},{\"@type\":\"WebSite\",\"@id\":\"https:\/\/prepast.org\/#website\",\"url\":\"https:\/\/prepast.org\/\",\"name\":\"PREPAST\",\"description\":\"Pastures del Prepirineu\",\"publisher\":{\"@id\":\"https:\/\/prepast.org\/#organization\"},\"potentialAction\":[{\"@type\":\"SearchAction\",\"target\":{\"@type\":\"EntryPoint\",\"urlTemplate\":\"https:\/\/prepast.org\/?s={search_term_string}\"},\"query-input\":\"required name=search_term_string\"}],\"inLanguage\":\"es\"},{\"@type\":\"Organization\",\"@id\":\"https:\/\/prepast.org\/#organization\",\"name\":\"PREPAST\",\"url\":\"https:\/\/prepast.org\/\",\"logo\":{\"@type\":\"ImageObject\",\"inLanguage\":\"es\",\"@id\":\"https:\/\/prepast.org\/#\/schema\/logo\/image\/\",\"url\":\"https:\/\/prepast.org\/wp-content\/uploads\/2024\/03\/LOGO-PREPAST.png\",\"contentUrl\":\"https:\/\/prepast.org\/wp-content\/uploads\/2024\/03\/LOGO-PREPAST.png\",\"width\":1095,\"height\":1095,\"caption\":\"PREPAST\"},\"image\":{\"@id\":\"https:\/\/prepast.org\/#\/schema\/logo\/image\/\"},\"sameAs\":[\"https:\/\/x.com\/projecteprepast\",\"https:\/\/www.instagram.com\/projecteprepast\/\"]},{\"@type\":\"Person\",\"@id\":\"https:\/\/prepast.org\/#\/schema\/person\/b4c8f4ec3cbcb15de67aee56fe2bce77\",\"name\":\"gestiolasabina\",\"image\":{\"@type\":\"ImageObject\",\"inLanguage\":\"es\",\"@id\":\"https:\/\/prepast.org\/#\/schema\/person\/image\/\",\"url\":\"https:\/\/secure.gravatar.com\/avatar\/74ecbf952657685a15058cbf09e617497d25b2b61d7cea9c4f786d954d109060?s=96&d=mm&r=g\",\"contentUrl\":\"https:\/\/secure.gravatar.com\/avatar\/74ecbf952657685a15058cbf09e617497d25b2b61d7cea9c4f786d954d109060?s=96&d=mm&r=g\",\"caption\":\"gestiolasabina\"},\"url\":\"https:\/\/prepast.org\/es\/author\/gestiolasabina\/\"}]}<\/script>\n<!-- \/ Yoast SEO plugin. -->","yoast_head_json":{"title":"\u00c8xit de la primera Fira Ramadera d'\u00c0ger - PREPAST","robots":{"index":"index","follow":"follow","max-snippet":"max-snippet:-1","max-image-preview":"max-image-preview:large","max-video-preview":"max-video-preview:-1"},"canonical":"https:\/\/prepast.org\/es\/exit-fira-ramadera-ager\/","og_locale":"es_ES","og_type":"article","og_title":"\u00c8xit de la primera Fira Ramadera d'\u00c0ger - PREPAST","og_description":"La Fira d\u2019\u00c0ger reuneix prop d\u2019un miler de persones en una jornada dedicada al m\u00f3n ramader, l\u2019artesania i la tradici\u00f3 La vila d\u2019\u00c0ger va celebrar aquest dissabte 25 d\u2019octubre la primera Fira Ramadera que va atraure prop d\u2019un miler de visitants al llarg de la jornada. Tot i que no es van poder exposar animals [&hellip;]","og_url":"https:\/\/prepast.org\/es\/exit-fira-ramadera-ager\/","og_site_name":"PREPAST","article_published_time":"2025-10-27T09:16:37+00:00","article_modified_time":"2025-10-28T09:22:36+00:00","og_image":[{"width":2000,"height":1333,"url":"https:\/\/prepast.org\/wp-content\/uploads\/2025\/10\/BA88636.jpg","type":"image\/jpeg"}],"author":"gestiolasabina","twitter_card":"summary_large_image","twitter_creator":"@projecteprepast","twitter_site":"@projecteprepast","twitter_misc":{"Escrito por":"gestiolasabina","Tiempo de lectura":"5 minutos"},"schema":{"@context":"https:\/\/schema.org","@graph":[{"@type":"Article","@id":"https:\/\/prepast.org\/exit-fira-ramadera-ager\/#article","isPartOf":{"@id":"https:\/\/prepast.org\/exit-fira-ramadera-ager\/"},"author":{"name":"gestiolasabina","@id":"https:\/\/prepast.org\/#\/schema\/person\/b4c8f4ec3cbcb15de67aee56fe2bce77"},"headline":"\u00c8xit de la primera Fira Ramadera d&#8217;\u00c0ger","datePublished":"2025-10-27T09:16:37+00:00","dateModified":"2025-10-28T09:22:36+00:00","mainEntityOfPage":{"@id":"https:\/\/prepast.org\/exit-fira-ramadera-ager\/"},"wordCount":581,"publisher":{"@id":"https:\/\/prepast.org\/#organization"},"image":{"@id":"https:\/\/prepast.org\/exit-fira-ramadera-ager\/#primaryimage"},"thumbnailUrl":"https:\/\/prepast.org\/wp-content\/uploads\/2025\/10\/BA88636.jpg","articleSection":["Not\u00edcies"],"inLanguage":"es"},{"@type":"WebPage","@id":"https:\/\/prepast.org\/exit-fira-ramadera-ager\/","url":"https:\/\/prepast.org\/exit-fira-ramadera-ager\/","name":"\u00c8xit de la primera Fira Ramadera d'\u00c0ger - PREPAST","isPartOf":{"@id":"https:\/\/prepast.org\/#website"},"primaryImageOfPage":{"@id":"https:\/\/prepast.org\/exit-fira-ramadera-ager\/#primaryimage"},"image":{"@id":"https:\/\/prepast.org\/exit-fira-ramadera-ager\/#primaryimage"},"thumbnailUrl":"https:\/\/prepast.org\/wp-content\/uploads\/2025\/10\/BA88636.jpg","datePublished":"2025-10-27T09:16:37+00:00","dateModified":"2025-10-28T09:22:36+00:00","breadcrumb":{"@id":"https:\/\/prepast.org\/exit-fira-ramadera-ager\/#breadcrumb"},"inLanguage":"es","potentialAction":[{"@type":"ReadAction","target":["https:\/\/prepast.org\/exit-fira-ramadera-ager\/"]}]},{"@type":"ImageObject","inLanguage":"es","@id":"https:\/\/prepast.org\/exit-fira-ramadera-ager\/#primaryimage","url":"https:\/\/prepast.org\/wp-content\/uploads\/2025\/10\/BA88636.jpg","contentUrl":"https:\/\/prepast.org\/wp-content\/uploads\/2025\/10\/BA88636.jpg","width":2000,"height":1333,"caption":"Mostra d'oficis tradicionals i transhum\u00e0ncia"},{"@type":"BreadcrumbList","@id":"https:\/\/prepast.org\/exit-fira-ramadera-ager\/#breadcrumb","itemListElement":[{"@type":"ListItem","position":1,"name":"Inici","item":"https:\/\/prepast.org\/"},{"@type":"ListItem","position":2,"name":"\u00c8xit de la primera Fira Ramadera d&#8217;\u00c0ger"}]},{"@type":"WebSite","@id":"https:\/\/prepast.org\/#website","url":"https:\/\/prepast.org\/","name":"PREPAST","description":"Pastos del Prepirineo","publisher":{"@id":"https:\/\/prepast.org\/#organization"},"potentialAction":[{"@type":"SearchAction","target":{"@type":"EntryPoint","urlTemplate":"https:\/\/prepast.org\/?s={search_term_string}"},"query-input":"required name=search_term_string"}],"inLanguage":"es"},{"@type":"Organization","@id":"https:\/\/prepast.org\/#organization","name":"PREPAST","url":"https:\/\/prepast.org\/","logo":{"@type":"ImageObject","inLanguage":"es","@id":"https:\/\/prepast.org\/#\/schema\/logo\/image\/","url":"https:\/\/prepast.org\/wp-content\/uploads\/2024\/03\/LOGO-PREPAST.png","contentUrl":"https:\/\/prepast.org\/wp-content\/uploads\/2024\/03\/LOGO-PREPAST.png","width":1095,"height":1095,"caption":"PREPAST"},"image":{"@id":"https:\/\/prepast.org\/#\/schema\/logo\/image\/"},"sameAs":["https:\/\/x.com\/projecteprepast","https:\/\/www.instagram.com\/projecteprepast\/"]},{"@type":"Person","@id":"https:\/\/prepast.org\/#\/schema\/person\/b4c8f4ec3cbcb15de67aee56fe2bce77","name":"gestiolasabina","image":{"@type":"ImageObject","inLanguage":"es","@id":"https:\/\/prepast.org\/#\/schema\/person\/image\/","url":"https:\/\/secure.gravatar.com\/avatar\/74ecbf952657685a15058cbf09e617497d25b2b61d7cea9c4f786d954d109060?s=96&d=mm&r=g","contentUrl":"https:\/\/secure.gravatar.com\/avatar\/74ecbf952657685a15058cbf09e617497d25b2b61d7cea9c4f786d954d109060?s=96&d=mm&r=g","caption":"gestiolasabina"},"url":"https:\/\/prepast.org\/es\/author\/gestiolasabina\/"}]}},"uagb_featured_image_src":{"full":["https:\/\/prepast.org\/wp-content\/uploads\/2025\/10\/BA88636.jpg",2000,1333,false],"thumbnail":["https:\/\/prepast.org\/wp-content\/uploads\/2025\/10\/BA88636-150x150.jpg",150,150,true],"medium":["https:\/\/prepast.org\/wp-content\/uploads\/2025\/10\/BA88636-300x200.jpg",300,200,true],"medium_large":["https:\/\/prepast.org\/wp-content\/uploads\/2025\/10\/BA88636-768x512.jpg",768,512,true],"large":["https:\/\/prepast.org\/wp-content\/uploads\/2025\/10\/BA88636-1024x682.jpg",1024,682,true],"1536x1536":["https:\/\/prepast.org\/wp-content\/uploads\/2025\/10\/BA88636-1536x1024.jpg",1536,1024,true],"2048x2048":["https:\/\/prepast.org\/wp-content\/uploads\/2025\/10\/BA88636.jpg",2000,1333,false],"trp-custom-language-flag":["https:\/\/prepast.org\/wp-content\/uploads\/2025\/10\/BA88636-18x12.jpg",18,12,true]},"uagb_author_info":{"display_name":"gestiolasabina","author_link":"https:\/\/prepast.org\/es\/author\/gestiolasabina\/"},"uagb_comment_info":0,"uagb_excerpt":"La Fira d\u2019\u00c0ger reuneix prop d\u2019un miler de persones en una jornada dedicada al m\u00f3n ramader, l\u2019artesania i la tradici\u00f3 La vila d\u2019\u00c0ger va celebrar aquest dissabte 25 d\u2019octubre la primera Fira Ramadera que va atraure prop d\u2019un miler de visitants al llarg de la jornada. Tot i que no es van poder exposar animals&hellip;","_links":{"self":[{"href":"https:\/\/prepast.org\/es\/wp-json\/wp\/v2\/posts\/3040","targetHints":{"allow":["GET"]}}],"collection":[{"href":"https:\/\/prepast.org\/es\/wp-json\/wp\/v2\/posts"}],"about":[{"href":"https:\/\/prepast.org\/es\/wp-json\/wp\/v2\/types\/post"}],"author":[{"embeddable":true,"href":"https:\/\/prepast.org\/es\/wp-json\/wp\/v2\/users\/9"}],"replies":[{"embeddable":true,"href":"https:\/\/prepast.org\/es\/wp-json\/wp\/v2\/comments?post=3040"}],"version-history":[{"count":7,"href":"https:\/\/prepast.org\/es\/wp-json\/wp\/v2\/posts\/3040\/revisions"}],"predecessor-version":[{"id":3064,"href":"https:\/\/prepast.org\/es\/wp-json\/wp\/v2\/posts\/3040\/revisions\/3064"}],"wp:featuredmedia":[{"embeddable":true,"href":"https:\/\/prepast.org\/es\/wp-json\/wp\/v2\/media\/3043"}],"wp:attachment":[{"href":"https:\/\/prepast.org\/es\/wp-json\/wp\/v2\/media?parent=3040"}],"wp:term":[{"taxonomy":"category","embeddable":true,"href":"https:\/\/prepast.org\/es\/wp-json\/wp\/v2\/categories?post=3040"},{"taxonomy":"post_tag","embeddable":true,"href":"https:\/\/prepast.org\/es\/wp-json\/wp\/v2\/tags?post=3040"}],"curies":[{"name":"wp","href":"https:\/\/api.w.org\/{rel}","templated":true}]}}