{"id":3141,"date":"2025-11-13T09:18:00","date_gmt":"2025-11-13T08:18:00","guid":{"rendered":"https:\/\/prepast.org\/?p=3141"},"modified":"2026-01-14T12:03:58","modified_gmt":"2026-01-14T11:03:58","slug":"ager-acull-la-2a-jornada-de-transferencia-i-debat","status":"publish","type":"post","link":"https:\/\/prepast.org\/es\/ager-acull-la-2a-jornada-de-transferencia-i-debat\/","title":{"rendered":"\u00c0ger acull la 2a jornada de transfer\u00e8ncia i debat del projecte PREPAST, que arriba a la seva fi despr\u00e9s de dos anys de feina col\u00b7lectiva"},"content":{"rendered":"<h4 class=\"wp-block-heading\"><\/h4>\n\n\n\n<div class=\"wp-block-uagb-image uagb-block-78778dda wp-block-uagb-image--layout-default wp-block-uagb-image--effect-static wp-block-uagb-image--align-none\"><figure class=\"wp-block-uagb-image__figure\"><img decoding=\"async\" srcset=\"https:\/\/prepast.org\/wp-content\/uploads\/2025\/11\/20251112_190730-copia-1024x577.jpg ,https:\/\/prepast.org\/wp-content\/uploads\/2025\/11\/20251112_190730-copia.jpg 780w, https:\/\/prepast.org\/wp-content\/uploads\/2025\/11\/20251112_190730-copia.jpg 360w\" sizes=\"auto, (max-width: 480px) 150px\" src=\"https:\/\/prepast.org\/wp-content\/uploads\/2025\/11\/20251112_190730-copia-1024x577.jpg\" alt=\"Taula de debat durant la jornada d'\u00c0ger\" class=\"uag-image-3171\" width=\"1024\" height=\"577\" title=\"20251112_190730 - copia\" loading=\"lazy\" role=\"img\"\/><\/figure><\/div>\n\n\n\n<p>Aquest dimecres 12 de Novembre, el municipi d\u2019\u00c0ger ha acollit la jornada de retorn, transfer\u00e8ncia i debat del projecte PREPAST, una iniciativa centrada en la recuperaci\u00f3 i dinamitzaci\u00f3 del pastoreig com a eina de gesti\u00f3 del territori i prevenci\u00f3 d\u2019incendis. El projecte, que finalitza aquest desembre despr\u00e9s de dos anys de treball, ha estat una feina compartida entre diverses entitats: La Sabina (coordinadora del projecte), l\u2019Ajuntament d\u2019\u00c0ger, la Fundaci\u00f3 Pau Costa i el Centre Tecnol\u00f2gic Forestal de Catalunya.<\/p>\n\n\n\n<p>A la jornada hi han assistit 28 professionals de la ramaderia, pastors, ajuntaments, t\u00e8cnics i t\u00e8cniques de l\u2019administraci\u00f3, i altres professionals relacionats amb la ramaderia extensiva i la gesti\u00f3 forestal.<\/p>\n\n\n\n<p>S\u2019han presentat els principals resultats del projecte i s\u2019ha debatut sobre la continu\u00eftat de les actuacions iniciades dins el projecte. Durant aquest dos anys s\u2019han fet un total de 27 actuacions al territori amb un pressupost de poc m\u00e9s de 515.000 \u20ac, destacant el pagament per pastura amb criteris ecosist\u00e8mics (10 actuacions) i l\u2019acondicionament de vuit grans basses per abeurar els ramats, aix\u00ed com l\u2019acondicionament d\u2019infraestructures i treballs forestals previs a l\u2019entrada dels ramats. S\u2019ha presentat&nbsp; una guia de gesti\u00f3 ecopastoral elaborada a partir de la informaci\u00f3 recollida de ramaders, t\u00e8cnics\/es locals i t\u00e8cnics\/es del projecte. Tamb\u00e9 s\u2019ha presentat la \u201cXarxa de pastures\u201d una eina de coordinaci\u00f3 territorial per donar sortida a antigues zones de pastura i terres en des\u00fas.&nbsp;<\/p>\n\n\n\n<div class=\"wp-block-uagb-image uagb-block-ceb4286a wp-block-uagb-image--layout-default wp-block-uagb-image--effect-static wp-block-uagb-image--align-none\"><figure class=\"wp-block-uagb-image__figure\"><img decoding=\"async\" srcset=\"https:\/\/prepast.org\/wp-content\/uploads\/2025\/11\/20251112_181851-1024x577.jpg ,https:\/\/prepast.org\/wp-content\/uploads\/2025\/11\/20251112_181851.jpg 780w, https:\/\/prepast.org\/wp-content\/uploads\/2025\/11\/20251112_181851.jpg 360w\" sizes=\"auto, (max-width: 480px) 150px\" src=\"https:\/\/prepast.org\/wp-content\/uploads\/2025\/11\/20251112_181851-1024x577.jpg\" alt=\"\" class=\"uag-image-3176\" width=\"1024\" height=\"577\" title=\"20251112_181851\" loading=\"lazy\" role=\"img\"\/><\/figure><\/div>\n\n\n\n<p>La fase de debat ha servit per reflexionar col\u00b7lectivament sobre el futur de les accions iniciades i com donar-los continu\u00eftat, tant econ\u00f2micament com organitzativament. Els i les participants han compartit propostes i l\u00ednies de treball de cara als pr\u00f2xims anys.<\/p>\n\n\n\n<p>La jornada ha finalitzat amb la presentaci\u00f3 del \u201cConveni de Participaci\u00f3\u201d per desenvolupar accions a favor de la ramaderia extensiva i la gesti\u00f3 dels serveis ecosist\u00e8mics associats al territori, amb la voluntat compartida de continuar teixint aliances i donar continu\u00eftat a la gesti\u00f3 ecopastoral al Montsec.<\/p>\n\n\n\n<p>Tota la informaci\u00f3 sobre les jornades i els resultats <a href=\"https:\/\/prepast.org\/es\/actuacions\/proces-de-debat\/\"><strong>aqu\u00ed.<\/strong><\/a><\/p>\n\n\n\n<p style=\"margin-bottom:var(--wp--preset--spacing--70)\"><\/p>\n\n\n\n<p><\/p>\n\n\n\n<figure class=\"wp-block-gallery has-nested-images columns-default is-cropped uag-hide-desktop uag-hide-tab uag-hide-mob wp-block-gallery-1 is-layout-flex wp-block-gallery-is-layout-flex\">\n<figure class=\"wp-block-image size-large\"><img loading=\"lazy\" decoding=\"async\" width=\"1024\" height=\"577\" data-id=\"3174\" src=\"https:\/\/prepast.org\/wp-content\/uploads\/2025\/11\/20251112_191518-copia-1024x577.jpg\" alt=\"\" class=\"wp-image-3174\" srcset=\"https:\/\/prepast.org\/wp-content\/uploads\/2025\/11\/20251112_191518-copia-1024x577.jpg 1024w, https:\/\/prepast.org\/wp-content\/uploads\/2025\/11\/20251112_191518-copia-300x169.jpg 300w, https:\/\/prepast.org\/wp-content\/uploads\/2025\/11\/20251112_191518-copia-768x432.jpg 768w, https:\/\/prepast.org\/wp-content\/uploads\/2025\/11\/20251112_191518-copia-1536x865.jpg 1536w, https:\/\/prepast.org\/wp-content\/uploads\/2025\/11\/20251112_191518-copia-18x10.jpg 18w, https:\/\/prepast.org\/wp-content\/uploads\/2025\/11\/20251112_191518-copia.jpg 2048w\" sizes=\"auto, (max-width: 1024px) 100vw, 1024px\" \/><\/figure>\n\n\n\n<figure class=\"wp-block-image size-large\"><img loading=\"lazy\" decoding=\"async\" width=\"1024\" height=\"577\" data-id=\"3172\" src=\"https:\/\/prepast.org\/wp-content\/uploads\/2025\/11\/20251112_190749-copia-1024x577.jpg\" alt=\"\" class=\"wp-image-3172\" srcset=\"https:\/\/prepast.org\/wp-content\/uploads\/2025\/11\/20251112_190749-copia-1024x577.jpg 1024w, https:\/\/prepast.org\/wp-content\/uploads\/2025\/11\/20251112_190749-copia-300x169.jpg 300w, https:\/\/prepast.org\/wp-content\/uploads\/2025\/11\/20251112_190749-copia-768x432.jpg 768w, https:\/\/prepast.org\/wp-content\/uploads\/2025\/11\/20251112_190749-copia-1536x865.jpg 1536w, https:\/\/prepast.org\/wp-content\/uploads\/2025\/11\/20251112_190749-copia-18x10.jpg 18w, https:\/\/prepast.org\/wp-content\/uploads\/2025\/11\/20251112_190749-copia.jpg 2048w\" sizes=\"auto, (max-width: 1024px) 100vw, 1024px\" \/><\/figure>\n\n\n\n<figure class=\"wp-block-image size-large\"><img loading=\"lazy\" decoding=\"async\" width=\"1024\" height=\"577\" data-id=\"3167\" src=\"https:\/\/prepast.org\/wp-content\/uploads\/2025\/11\/20251112_180320-copia-1024x577.jpg\" alt=\"\" class=\"wp-image-3167\" srcset=\"https:\/\/prepast.org\/wp-content\/uploads\/2025\/11\/20251112_180320-copia-1024x577.jpg 1024w, https:\/\/prepast.org\/wp-content\/uploads\/2025\/11\/20251112_180320-copia-300x169.jpg 300w, https:\/\/prepast.org\/wp-content\/uploads\/2025\/11\/20251112_180320-copia-768x432.jpg 768w, https:\/\/prepast.org\/wp-content\/uploads\/2025\/11\/20251112_180320-copia-1536x865.jpg 1536w, https:\/\/prepast.org\/wp-content\/uploads\/2025\/11\/20251112_180320-copia-18x10.jpg 18w, https:\/\/prepast.org\/wp-content\/uploads\/2025\/11\/20251112_180320-copia.jpg 2048w\" sizes=\"auto, (max-width: 1024px) 100vw, 1024px\" \/><\/figure>\n\n\n\n<figure class=\"wp-block-image size-large\"><img loading=\"lazy\" decoding=\"async\" width=\"1024\" height=\"577\" data-id=\"3166\" src=\"https:\/\/prepast.org\/wp-content\/uploads\/2025\/11\/20251112_175732-copia-1024x577.jpg\" alt=\"\" class=\"wp-image-3166\" srcset=\"https:\/\/prepast.org\/wp-content\/uploads\/2025\/11\/20251112_175732-copia-1024x577.jpg 1024w, https:\/\/prepast.org\/wp-content\/uploads\/2025\/11\/20251112_175732-copia-300x169.jpg 300w, https:\/\/prepast.org\/wp-content\/uploads\/2025\/11\/20251112_175732-copia-768x432.jpg 768w, https:\/\/prepast.org\/wp-content\/uploads\/2025\/11\/20251112_175732-copia-1536x865.jpg 1536w, https:\/\/prepast.org\/wp-content\/uploads\/2025\/11\/20251112_175732-copia-18x10.jpg 18w, https:\/\/prepast.org\/wp-content\/uploads\/2025\/11\/20251112_175732-copia.jpg 2048w\" sizes=\"auto, (max-width: 1024px) 100vw, 1024px\" \/><\/figure>\n<\/figure>","protected":false},"excerpt":{"rendered":"<p>Aquest dimecres 12 de Novembre, el municipi d\u2019\u00c0ger ha acollit la jornada de retorn, transfer\u00e8ncia i debat del projecte PREPAST, una iniciativa centrada en la recuperaci\u00f3 i dinamitzaci\u00f3 del pastoreig com a eina de gesti\u00f3 del territori i prevenci\u00f3 d\u2019incendis. El projecte, que finalitza aquest desembre despr\u00e9s de dos anys de treball, ha estat una [&hellip;]<\/p>","protected":false},"author":9,"featured_media":3143,"comment_status":"closed","ping_status":"closed","sticky":false,"template":"","format":"standard","meta":{"_uag_custom_page_level_css":"","site-sidebar-layout":"default","site-content-layout":"","ast-site-content-layout":"narrow-width-container","site-content-style":"default","site-sidebar-style":"default","ast-global-header-display":"","ast-banner-title-visibility":"","ast-main-header-display":"","ast-hfb-above-header-display":"","ast-hfb-below-header-display":"","ast-hfb-mobile-header-display":"","site-post-title":"","ast-breadcrumbs-content":"","ast-featured-img":"disabled","footer-sml-layout":"","ast-disable-related-posts":"","theme-transparent-header-meta":"default","adv-header-id-meta":"","stick-header-meta":"","header-above-stick-meta":"","header-main-stick-meta":"","header-below-stick-meta":"","astra-migrate-meta-layouts":"set","ast-page-background-enabled":"default","ast-page-background-meta":{"desktop":{"background-color":"var(--ast-global-color-4)","background-image":"","background-repeat":"repeat","background-position":"center center","background-size":"auto","background-attachment":"scroll","background-type":"","background-media":"","overlay-type":"","overlay-color":"","overlay-opacity":"","overlay-gradient":""},"tablet":{"background-color":"","background-image":"","background-repeat":"repeat","background-position":"center center","background-size":"auto","background-attachment":"scroll","background-type":"","background-media":"","overlay-type":"","overlay-color":"","overlay-opacity":"","overlay-gradient":""},"mobile":{"background-color":"","background-image":"","background-repeat":"repeat","background-position":"center center","background-size":"auto","background-attachment":"scroll","background-type":"","background-media":"","overlay-type":"","overlay-color":"","overlay-opacity":"","overlay-gradient":""}},"ast-content-background-meta":{"desktop":{"background-color":"var(--ast-global-color-5)","background-image":"","background-repeat":"repeat","background-position":"center center","background-size":"auto","background-attachment":"scroll","background-type":"","background-media":"","overlay-type":"","overlay-color":"","overlay-opacity":"","overlay-gradient":""},"tablet":{"background-color":"var(--ast-global-color-5)","background-image":"","background-repeat":"repeat","background-position":"center center","background-size":"auto","background-attachment":"scroll","background-type":"","background-media":"","overlay-type":"","overlay-color":"","overlay-opacity":"","overlay-gradient":""},"mobile":{"background-color":"var(--ast-global-color-5)","background-image":"","background-repeat":"repeat","background-position":"center center","background-size":"auto","background-attachment":"scroll","background-type":"","background-media":"","overlay-type":"","overlay-color":"","overlay-opacity":"","overlay-gradient":""}},"iawp_total_views":9,"footnotes":""},"categories":[11],"tags":[],"class_list":["post-3141","post","type-post","status-publish","format-standard","has-post-thumbnail","hentry","category-noticies"],"yoast_head":"<!-- This site is optimized with the Yoast SEO plugin v22.6 - https:\/\/yoast.com\/wordpress\/plugins\/seo\/ -->\n<title>\u00c0ger acull la 2a jornada de transfer\u00e8ncia i debat del projecte PREPAST, que arriba a la seva fi despr\u00e9s de dos anys de feina col\u00b7lectiva - PREPAST<\/title>\n<meta name=\"robots\" content=\"index, follow, max-snippet:-1, max-image-preview:large, max-video-preview:-1\" \/>\n<link rel=\"canonical\" href=\"https:\/\/prepast.org\/es\/ager-acull-la-2a-jornada-de-transferencia-i-debat\/\" \/>\n<meta property=\"og:locale\" content=\"es_ES\" \/>\n<meta property=\"og:type\" content=\"article\" \/>\n<meta property=\"og:title\" content=\"\u00c0ger acull la 2a jornada de transfer\u00e8ncia i debat del projecte PREPAST, que arriba a la seva fi despr\u00e9s de dos anys de feina col\u00b7lectiva - PREPAST\" \/>\n<meta property=\"og:description\" content=\"Aquest dimecres 12 de Novembre, el municipi d\u2019\u00c0ger ha acollit la jornada de retorn, transfer\u00e8ncia i debat del projecte PREPAST, una iniciativa centrada en la recuperaci\u00f3 i dinamitzaci\u00f3 del pastoreig com a eina de gesti\u00f3 del territori i prevenci\u00f3 d\u2019incendis. El projecte, que finalitza aquest desembre despr\u00e9s de dos anys de treball, ha estat una [&hellip;]\" \/>\n<meta property=\"og:url\" content=\"https:\/\/prepast.org\/es\/ager-acull-la-2a-jornada-de-transferencia-i-debat\/\" \/>\n<meta property=\"og:site_name\" content=\"PREPAST\" \/>\n<meta property=\"article:published_time\" content=\"2025-11-13T08:18:00+00:00\" \/>\n<meta property=\"article:modified_time\" content=\"2026-01-14T11:03:58+00:00\" \/>\n<meta property=\"og:image\" content=\"https:\/\/prepast.org\/wp-content\/uploads\/2025\/11\/INVITACIO-Jornada-Tranferencia-2025.jpg\" \/>\n\t<meta property=\"og:image:width\" content=\"960\" \/>\n\t<meta property=\"og:image:height\" content=\"540\" \/>\n\t<meta property=\"og:image:type\" content=\"image\/jpeg\" \/>\n<meta name=\"author\" content=\"gestiolasabina\" \/>\n<meta name=\"twitter:card\" content=\"summary_large_image\" \/>\n<meta name=\"twitter:creator\" content=\"@projecteprepast\" \/>\n<meta name=\"twitter:site\" content=\"@projecteprepast\" \/>\n<meta name=\"twitter:label1\" content=\"Escrito por\" \/>\n\t<meta name=\"twitter:data1\" content=\"gestiolasabina\" \/>\n\t<meta name=\"twitter:label2\" content=\"Tiempo de lectura\" \/>\n\t<meta name=\"twitter:data2\" content=\"4 minutos\" \/>\n<script type=\"application\/ld+json\" class=\"yoast-schema-graph\">{\"@context\":\"https:\/\/schema.org\",\"@graph\":[{\"@type\":\"Article\",\"@id\":\"https:\/\/prepast.org\/ager-acull-la-2a-jornada-de-transferencia-i-debat\/#article\",\"isPartOf\":{\"@id\":\"https:\/\/prepast.org\/ager-acull-la-2a-jornada-de-transferencia-i-debat\/\"},\"author\":{\"name\":\"gestiolasabina\",\"@id\":\"https:\/\/prepast.org\/#\/schema\/person\/b4c8f4ec3cbcb15de67aee56fe2bce77\"},\"headline\":\"\u00c0ger acull la 2a jornada de transfer\u00e8ncia i debat del projecte PREPAST, que arriba a la seva fi despr\u00e9s de dos anys de feina col\u00b7lectiva\",\"datePublished\":\"2025-11-13T08:18:00+00:00\",\"dateModified\":\"2026-01-14T11:03:58+00:00\",\"mainEntityOfPage\":{\"@id\":\"https:\/\/prepast.org\/ager-acull-la-2a-jornada-de-transferencia-i-debat\/\"},\"wordCount\":382,\"publisher\":{\"@id\":\"https:\/\/prepast.org\/#organization\"},\"image\":{\"@id\":\"https:\/\/prepast.org\/ager-acull-la-2a-jornada-de-transferencia-i-debat\/#primaryimage\"},\"thumbnailUrl\":\"https:\/\/prepast.org\/wp-content\/uploads\/2025\/11\/INVITACIO-Jornada-Tranferencia-2025.jpg\",\"articleSection\":[\"Not\u00edcies\"],\"inLanguage\":\"es\"},{\"@type\":\"WebPage\",\"@id\":\"https:\/\/prepast.org\/ager-acull-la-2a-jornada-de-transferencia-i-debat\/\",\"url\":\"https:\/\/prepast.org\/ager-acull-la-2a-jornada-de-transferencia-i-debat\/\",\"name\":\"\u00c0ger acull la 2a jornada de transfer\u00e8ncia i debat del projecte PREPAST, que arriba a la seva fi despr\u00e9s de dos anys de feina col\u00b7lectiva - PREPAST\",\"isPartOf\":{\"@id\":\"https:\/\/prepast.org\/#website\"},\"primaryImageOfPage\":{\"@id\":\"https:\/\/prepast.org\/ager-acull-la-2a-jornada-de-transferencia-i-debat\/#primaryimage\"},\"image\":{\"@id\":\"https:\/\/prepast.org\/ager-acull-la-2a-jornada-de-transferencia-i-debat\/#primaryimage\"},\"thumbnailUrl\":\"https:\/\/prepast.org\/wp-content\/uploads\/2025\/11\/INVITACIO-Jornada-Tranferencia-2025.jpg\",\"datePublished\":\"2025-11-13T08:18:00+00:00\",\"dateModified\":\"2026-01-14T11:03:58+00:00\",\"breadcrumb\":{\"@id\":\"https:\/\/prepast.org\/ager-acull-la-2a-jornada-de-transferencia-i-debat\/#breadcrumb\"},\"inLanguage\":\"es\",\"potentialAction\":[{\"@type\":\"ReadAction\",\"target\":[\"https:\/\/prepast.org\/ager-acull-la-2a-jornada-de-transferencia-i-debat\/\"]}]},{\"@type\":\"ImageObject\",\"inLanguage\":\"es\",\"@id\":\"https:\/\/prepast.org\/ager-acull-la-2a-jornada-de-transferencia-i-debat\/#primaryimage\",\"url\":\"https:\/\/prepast.org\/wp-content\/uploads\/2025\/11\/INVITACIO-Jornada-Tranferencia-2025.jpg\",\"contentUrl\":\"https:\/\/prepast.org\/wp-content\/uploads\/2025\/11\/INVITACIO-Jornada-Tranferencia-2025.jpg\",\"width\":960,\"height\":540},{\"@type\":\"BreadcrumbList\",\"@id\":\"https:\/\/prepast.org\/ager-acull-la-2a-jornada-de-transferencia-i-debat\/#breadcrumb\",\"itemListElement\":[{\"@type\":\"ListItem\",\"position\":1,\"name\":\"Inici\",\"item\":\"https:\/\/prepast.org\/\"},{\"@type\":\"ListItem\",\"position\":2,\"name\":\"\u00c0ger acull la 2a jornada de transfer\u00e8ncia i debat del projecte PREPAST, que arriba a la seva fi despr\u00e9s de dos anys de feina col\u00b7lectiva\"}]},{\"@type\":\"WebSite\",\"@id\":\"https:\/\/prepast.org\/#website\",\"url\":\"https:\/\/prepast.org\/\",\"name\":\"PREPAST\",\"description\":\"Pastures del Prepirineu\",\"publisher\":{\"@id\":\"https:\/\/prepast.org\/#organization\"},\"potentialAction\":[{\"@type\":\"SearchAction\",\"target\":{\"@type\":\"EntryPoint\",\"urlTemplate\":\"https:\/\/prepast.org\/?s={search_term_string}\"},\"query-input\":\"required name=search_term_string\"}],\"inLanguage\":\"es\"},{\"@type\":\"Organization\",\"@id\":\"https:\/\/prepast.org\/#organization\",\"name\":\"PREPAST\",\"url\":\"https:\/\/prepast.org\/\",\"logo\":{\"@type\":\"ImageObject\",\"inLanguage\":\"es\",\"@id\":\"https:\/\/prepast.org\/#\/schema\/logo\/image\/\",\"url\":\"https:\/\/prepast.org\/wp-content\/uploads\/2024\/03\/LOGO-PREPAST.png\",\"contentUrl\":\"https:\/\/prepast.org\/wp-content\/uploads\/2024\/03\/LOGO-PREPAST.png\",\"width\":1095,\"height\":1095,\"caption\":\"PREPAST\"},\"image\":{\"@id\":\"https:\/\/prepast.org\/#\/schema\/logo\/image\/\"},\"sameAs\":[\"https:\/\/x.com\/projecteprepast\",\"https:\/\/www.instagram.com\/projecteprepast\/\"]},{\"@type\":\"Person\",\"@id\":\"https:\/\/prepast.org\/#\/schema\/person\/b4c8f4ec3cbcb15de67aee56fe2bce77\",\"name\":\"gestiolasabina\",\"image\":{\"@type\":\"ImageObject\",\"inLanguage\":\"es\",\"@id\":\"https:\/\/prepast.org\/#\/schema\/person\/image\/\",\"url\":\"https:\/\/secure.gravatar.com\/avatar\/74ecbf952657685a15058cbf09e617497d25b2b61d7cea9c4f786d954d109060?s=96&d=mm&r=g\",\"contentUrl\":\"https:\/\/secure.gravatar.com\/avatar\/74ecbf952657685a15058cbf09e617497d25b2b61d7cea9c4f786d954d109060?s=96&d=mm&r=g\",\"caption\":\"gestiolasabina\"},\"url\":\"https:\/\/prepast.org\/es\/author\/gestiolasabina\/\"}]}<\/script>\n<!-- \/ Yoast SEO plugin. -->","yoast_head_json":{"title":"\u00c0ger acull la 2a jornada de transfer\u00e8ncia i debat del projecte PREPAST, que arriba a la seva fi despr\u00e9s de dos anys de feina col\u00b7lectiva - PREPAST","robots":{"index":"index","follow":"follow","max-snippet":"max-snippet:-1","max-image-preview":"max-image-preview:large","max-video-preview":"max-video-preview:-1"},"canonical":"https:\/\/prepast.org\/es\/ager-acull-la-2a-jornada-de-transferencia-i-debat\/","og_locale":"es_ES","og_type":"article","og_title":"\u00c0ger acull la 2a jornada de transfer\u00e8ncia i debat del projecte PREPAST, que arriba a la seva fi despr\u00e9s de dos anys de feina col\u00b7lectiva - PREPAST","og_description":"Aquest dimecres 12 de Novembre, el municipi d\u2019\u00c0ger ha acollit la jornada de retorn, transfer\u00e8ncia i debat del projecte PREPAST, una iniciativa centrada en la recuperaci\u00f3 i dinamitzaci\u00f3 del pastoreig com a eina de gesti\u00f3 del territori i prevenci\u00f3 d\u2019incendis. El projecte, que finalitza aquest desembre despr\u00e9s de dos anys de treball, ha estat una [&hellip;]","og_url":"https:\/\/prepast.org\/es\/ager-acull-la-2a-jornada-de-transferencia-i-debat\/","og_site_name":"PREPAST","article_published_time":"2025-11-13T08:18:00+00:00","article_modified_time":"2026-01-14T11:03:58+00:00","og_image":[{"width":960,"height":540,"url":"https:\/\/prepast.org\/wp-content\/uploads\/2025\/11\/INVITACIO-Jornada-Tranferencia-2025.jpg","type":"image\/jpeg"}],"author":"gestiolasabina","twitter_card":"summary_large_image","twitter_creator":"@projecteprepast","twitter_site":"@projecteprepast","twitter_misc":{"Escrito por":"gestiolasabina","Tiempo de lectura":"4 minutos"},"schema":{"@context":"https:\/\/schema.org","@graph":[{"@type":"Article","@id":"https:\/\/prepast.org\/ager-acull-la-2a-jornada-de-transferencia-i-debat\/#article","isPartOf":{"@id":"https:\/\/prepast.org\/ager-acull-la-2a-jornada-de-transferencia-i-debat\/"},"author":{"name":"gestiolasabina","@id":"https:\/\/prepast.org\/#\/schema\/person\/b4c8f4ec3cbcb15de67aee56fe2bce77"},"headline":"\u00c0ger acull la 2a jornada de transfer\u00e8ncia i debat del projecte PREPAST, que arriba a la seva fi despr\u00e9s de dos anys de feina col\u00b7lectiva","datePublished":"2025-11-13T08:18:00+00:00","dateModified":"2026-01-14T11:03:58+00:00","mainEntityOfPage":{"@id":"https:\/\/prepast.org\/ager-acull-la-2a-jornada-de-transferencia-i-debat\/"},"wordCount":382,"publisher":{"@id":"https:\/\/prepast.org\/#organization"},"image":{"@id":"https:\/\/prepast.org\/ager-acull-la-2a-jornada-de-transferencia-i-debat\/#primaryimage"},"thumbnailUrl":"https:\/\/prepast.org\/wp-content\/uploads\/2025\/11\/INVITACIO-Jornada-Tranferencia-2025.jpg","articleSection":["Not\u00edcies"],"inLanguage":"es"},{"@type":"WebPage","@id":"https:\/\/prepast.org\/ager-acull-la-2a-jornada-de-transferencia-i-debat\/","url":"https:\/\/prepast.org\/ager-acull-la-2a-jornada-de-transferencia-i-debat\/","name":"\u00c0ger acull la 2a jornada de transfer\u00e8ncia i debat del projecte PREPAST, que arriba a la seva fi despr\u00e9s de dos anys de feina col\u00b7lectiva - PREPAST","isPartOf":{"@id":"https:\/\/prepast.org\/#website"},"primaryImageOfPage":{"@id":"https:\/\/prepast.org\/ager-acull-la-2a-jornada-de-transferencia-i-debat\/#primaryimage"},"image":{"@id":"https:\/\/prepast.org\/ager-acull-la-2a-jornada-de-transferencia-i-debat\/#primaryimage"},"thumbnailUrl":"https:\/\/prepast.org\/wp-content\/uploads\/2025\/11\/INVITACIO-Jornada-Tranferencia-2025.jpg","datePublished":"2025-11-13T08:18:00+00:00","dateModified":"2026-01-14T11:03:58+00:00","breadcrumb":{"@id":"https:\/\/prepast.org\/ager-acull-la-2a-jornada-de-transferencia-i-debat\/#breadcrumb"},"inLanguage":"es","potentialAction":[{"@type":"ReadAction","target":["https:\/\/prepast.org\/ager-acull-la-2a-jornada-de-transferencia-i-debat\/"]}]},{"@type":"ImageObject","inLanguage":"es","@id":"https:\/\/prepast.org\/ager-acull-la-2a-jornada-de-transferencia-i-debat\/#primaryimage","url":"https:\/\/prepast.org\/wp-content\/uploads\/2025\/11\/INVITACIO-Jornada-Tranferencia-2025.jpg","contentUrl":"https:\/\/prepast.org\/wp-content\/uploads\/2025\/11\/INVITACIO-Jornada-Tranferencia-2025.jpg","width":960,"height":540},{"@type":"BreadcrumbList","@id":"https:\/\/prepast.org\/ager-acull-la-2a-jornada-de-transferencia-i-debat\/#breadcrumb","itemListElement":[{"@type":"ListItem","position":1,"name":"Inici","item":"https:\/\/prepast.org\/"},{"@type":"ListItem","position":2,"name":"\u00c0ger acull la 2a jornada de transfer\u00e8ncia i debat del projecte PREPAST, que arriba a la seva fi despr\u00e9s de dos anys de feina col\u00b7lectiva"}]},{"@type":"WebSite","@id":"https:\/\/prepast.org\/#website","url":"https:\/\/prepast.org\/","name":"PREPAST","description":"Pastos del Prepirineo","publisher":{"@id":"https:\/\/prepast.org\/#organization"},"potentialAction":[{"@type":"SearchAction","target":{"@type":"EntryPoint","urlTemplate":"https:\/\/prepast.org\/?s={search_term_string}"},"query-input":"required name=search_term_string"}],"inLanguage":"es"},{"@type":"Organization","@id":"https:\/\/prepast.org\/#organization","name":"PREPAST","url":"https:\/\/prepast.org\/","logo":{"@type":"ImageObject","inLanguage":"es","@id":"https:\/\/prepast.org\/#\/schema\/logo\/image\/","url":"https:\/\/prepast.org\/wp-content\/uploads\/2024\/03\/LOGO-PREPAST.png","contentUrl":"https:\/\/prepast.org\/wp-content\/uploads\/2024\/03\/LOGO-PREPAST.png","width":1095,"height":1095,"caption":"PREPAST"},"image":{"@id":"https:\/\/prepast.org\/#\/schema\/logo\/image\/"},"sameAs":["https:\/\/x.com\/projecteprepast","https:\/\/www.instagram.com\/projecteprepast\/"]},{"@type":"Person","@id":"https:\/\/prepast.org\/#\/schema\/person\/b4c8f4ec3cbcb15de67aee56fe2bce77","name":"gestiolasabina","image":{"@type":"ImageObject","inLanguage":"es","@id":"https:\/\/prepast.org\/#\/schema\/person\/image\/","url":"https:\/\/secure.gravatar.com\/avatar\/74ecbf952657685a15058cbf09e617497d25b2b61d7cea9c4f786d954d109060?s=96&d=mm&r=g","contentUrl":"https:\/\/secure.gravatar.com\/avatar\/74ecbf952657685a15058cbf09e617497d25b2b61d7cea9c4f786d954d109060?s=96&d=mm&r=g","caption":"gestiolasabina"},"url":"https:\/\/prepast.org\/es\/author\/gestiolasabina\/"}]}},"uagb_featured_image_src":{"full":["https:\/\/prepast.org\/wp-content\/uploads\/2025\/11\/INVITACIO-Jornada-Tranferencia-2025.jpg",960,540,false],"thumbnail":["https:\/\/prepast.org\/wp-content\/uploads\/2025\/11\/INVITACIO-Jornada-Tranferencia-2025-150x150.jpg",150,150,true],"medium":["https:\/\/prepast.org\/wp-content\/uploads\/2025\/11\/INVITACIO-Jornada-Tranferencia-2025-300x169.jpg",300,169,true],"medium_large":["https:\/\/prepast.org\/wp-content\/uploads\/2025\/11\/INVITACIO-Jornada-Tranferencia-2025-768x432.jpg",768,432,true],"large":["https:\/\/prepast.org\/wp-content\/uploads\/2025\/11\/INVITACIO-Jornada-Tranferencia-2025.jpg",960,540,false],"1536x1536":["https:\/\/prepast.org\/wp-content\/uploads\/2025\/11\/INVITACIO-Jornada-Tranferencia-2025.jpg",960,540,false],"2048x2048":["https:\/\/prepast.org\/wp-content\/uploads\/2025\/11\/INVITACIO-Jornada-Tranferencia-2025.jpg",960,540,false],"trp-custom-language-flag":["https:\/\/prepast.org\/wp-content\/uploads\/2025\/11\/INVITACIO-Jornada-Tranferencia-2025-18x10.jpg",18,10,true]},"uagb_author_info":{"display_name":"gestiolasabina","author_link":"https:\/\/prepast.org\/es\/author\/gestiolasabina\/"},"uagb_comment_info":0,"uagb_excerpt":"Aquest dimecres 12 de Novembre, el municipi d\u2019\u00c0ger ha acollit la jornada de retorn, transfer\u00e8ncia i debat del projecte PREPAST, una iniciativa centrada en la recuperaci\u00f3 i dinamitzaci\u00f3 del pastoreig com a eina de gesti\u00f3 del territori i prevenci\u00f3 d\u2019incendis. El projecte, que finalitza aquest desembre despr\u00e9s de dos anys de treball, ha estat una&hellip;","_links":{"self":[{"href":"https:\/\/prepast.org\/es\/wp-json\/wp\/v2\/posts\/3141","targetHints":{"allow":["GET"]}}],"collection":[{"href":"https:\/\/prepast.org\/es\/wp-json\/wp\/v2\/posts"}],"about":[{"href":"https:\/\/prepast.org\/es\/wp-json\/wp\/v2\/types\/post"}],"author":[{"embeddable":true,"href":"https:\/\/prepast.org\/es\/wp-json\/wp\/v2\/users\/9"}],"replies":[{"embeddable":true,"href":"https:\/\/prepast.org\/es\/wp-json\/wp\/v2\/comments?post=3141"}],"version-history":[{"count":4,"href":"https:\/\/prepast.org\/es\/wp-json\/wp\/v2\/posts\/3141\/revisions"}],"predecessor-version":[{"id":3436,"href":"https:\/\/prepast.org\/es\/wp-json\/wp\/v2\/posts\/3141\/revisions\/3436"}],"wp:featuredmedia":[{"embeddable":true,"href":"https:\/\/prepast.org\/es\/wp-json\/wp\/v2\/media\/3143"}],"wp:attachment":[{"href":"https:\/\/prepast.org\/es\/wp-json\/wp\/v2\/media?parent=3141"}],"wp:term":[{"taxonomy":"category","embeddable":true,"href":"https:\/\/prepast.org\/es\/wp-json\/wp\/v2\/categories?post=3141"},{"taxonomy":"post_tag","embeddable":true,"href":"https:\/\/prepast.org\/es\/wp-json\/wp\/v2\/tags?post=3141"}],"curies":[{"name":"wp","href":"https:\/\/api.w.org\/{rel}","templated":true}]}}