{"id":3223,"date":"2025-11-20T07:53:59","date_gmt":"2025-11-20T06:53:59","guid":{"rendered":"https:\/\/prepast.org\/?p=3223"},"modified":"2025-11-20T08:34:23","modified_gmt":"2025-11-20T07:34:23","slug":"es-busquen-pastures","status":"publish","type":"post","link":"https:\/\/prepast.org\/es\/es-busquen-pastures\/","title":{"rendered":"Es busquen pastures abandonades"},"content":{"rendered":"<p><\/p>\n\n\n\n<p style=\"margin-bottom:var(--wp--preset--spacing--70)\"><strong>Des del projecte PREPAST es busquen propietaris i propiet\u00e0ries de finques agr\u00edcoles o forestals en des\u00fas o sense activitat ramadera, interessades a sumar-se a la Xarxa de Pastures. Aquesta iniciativa vol promoure la recuperaci\u00f3 del pasturatge extensiu com a eina de gesti\u00f3 del territori, conservaci\u00f3 de la biodiversitat i desenvolupament rural sostenible al Prepirineu.<\/strong><\/p>\n\n\n\n<p>La Xarxa de Pastures s\u2019ha iniciat al Montsec i muntanyes properes per\u00f2 est\u00e0 oberta a acollir&nbsp; finques d\u2019altres zones del Prepirineu de Lleida amb inter\u00e8s tant ecol\u00f2gic com productiu. El seu objectiu \u00e9s posar en contacte persones propietaries i ramader\/es, facilitant acords que permetin reactivar espais rurals, oferint models d\u2019acords i acompanyament per establir un pacte just entre propietari i ramader. En definitiva es tracta de posar en valor terres que actualment no tenen \u00fas.<\/p>\n\n\n\n<p>\u201c<em>Pasturar no nom\u00e9s \u00e9s una activitat econ\u00f2mica. Tamb\u00e9 \u00e9s una eina de conservaci\u00f3 activa i de gesti\u00f3 del territori. Quan un ramat torna a una finca abandonada, hi guanya la biodiversitat, s\u2019hi redueix el risc d\u2019incendi i s\u2019hi reactiva l\u2019economia local. Sovint serveix tamb\u00e9 per enfortir la gesti\u00f3 comunit\u00e0ria de les muntanyes<\/em>.\u201d, explica Cate Ponce, t\u00e8cnica de PREPAST i dissenyadora de l\u2019estrat\u00e8gia de la Xarxa de Pastures en el seu treball de final de Master de Gesti\u00f3 de Zones de Muntanya cursat a la UdL.<\/p>\n\n\n\n<div class=\"wp-block-uagb-image uagb-block-ceb4286a wp-block-uagb-image--layout-default wp-block-uagb-image--effect-static wp-block-uagb-image--align-none\"><figure class=\"wp-block-uagb-image__figure\"><img decoding=\"async\" srcset=\"https:\/\/prepast.org\/wp-content\/uploads\/2024\/04\/ramat-1024x679.jpg ,https:\/\/prepast.org\/wp-content\/uploads\/2024\/04\/ramat.jpg 780w, https:\/\/prepast.org\/wp-content\/uploads\/2024\/04\/ramat.jpg 360w\" sizes=\"auto, (max-width: 480px) 150px\" src=\"https:\/\/prepast.org\/wp-content\/uploads\/2024\/04\/ramat-1024x679.jpg\" alt=\"Ramat d'ovelles pasturant\" class=\"uag-image-1665\" width=\"1024\" height=\"679\" title=\"\" loading=\"lazy\" role=\"img\"\/><\/figure><\/div>\n\n\n\n<div style=\"height:50px\" aria-hidden=\"true\" class=\"wp-block-spacer\"><\/div>\n\n\n\n<h3 class=\"wp-block-heading has-medium-font-size\"><strong>Una oportunitat amb triple benefici: ambiental, social i econ\u00f2mic<\/strong><\/h3>\n\n\n\n<p>Recuperar el pasturatge en finques forestals o agr\u00edcoles representa beneficis a nivell ambiental, social i econ\u00f2mic. Beneficis ambientals en tant en quant es millora la biodiversitat amb el manteniment de paisatge en mosaic, es redueix el combustible forestal i per tant el risc d\u2019incendis. Socialment \u00e9s un granet de sorra per la fixaci\u00f3 de poblaci\u00f3 rural i la recuperaci\u00f3 d\u2019oficis i identitat cultural. Econ\u00f2micament representa noves oportunitats tant pels ramaders com pels propietaris de les finques: el manteniment de franges perimetrals contra els incendis \u00e9s m\u00e9s econ\u00f2mic amb un ramat que no pas amb mitjans mec\u00e0nics, o un ramat pasturant un rebrot hivernal o un camp d\u2019ametllers aportan fertilitat al s\u00f2l.&nbsp;<\/p>\n\n\n\n<p>La Xarxa de Pastures pot ser complement\u00e0ria amb la recent iniciativa de \u201cTerres en des\u00fas\u201d, presentada darrerament pel Departament d\u2019Agricultura per facilitar l\u2019acc\u00e9s a finques agr\u00edcoles abandonades (amb 18 finques a la demarcaci\u00f3 de Lleida). Ambdues iniciatives comparteixen objectius com la recuperaci\u00f3 de terres en des\u00fas, la lluita contra el despoblament i el foment de la sobirania aliment\u00e0ria, per\u00f2 s\u2019enfoquen de manera diferent. Mentre la proposta de la Generalitat se centra en tot tipus de terres agr\u00edcoles abandonades a nivell de pa\u00eds i obre la porta a diversos usos productius, la Xarxa de Pastures es focalitza en el pasturatge extensiu en zones de muntanya, sovint amb valors ecol\u00f2gics rellevants, aportant eines t\u00e8cniques, criteris ambientals i un model de gesti\u00f3 territorial pensat per a mantenir o restaurar serveis ecosist\u00e8mics.<\/p>\n\n\n\n<p>Actualment la Xarxa de Pastures compta amb uns 300 recintes d\u2019una cinquantena de parcel\u00b7les, amb unes 3.000 ha ja incorporades&nbsp; i unes altres 2.000 en fase d\u2019incorporaci\u00f3. La majoria s\u00f3n comunals de titularitat p\u00fablica, encara que tamb\u00e9 hi ha finques particulars, franges de protecci\u00f3 contra incendis en nuclis habitats o conreus en actiu compatibles amb la pastura.<\/p>\n\n\n\n<div class=\"wp-block-uagb-image uagb-block-996624aa wp-block-uagb-image--layout-default wp-block-uagb-image--effect-static wp-block-uagb-image--align-none\"><figure class=\"wp-block-uagb-image__figure\"><img decoding=\"async\" srcset=\"https:\/\/prepast.org\/wp-content\/uploads\/2024\/05\/BA87393-1024x682.jpg ,https:\/\/prepast.org\/wp-content\/uploads\/2024\/05\/BA87393.jpg 780w, https:\/\/prepast.org\/wp-content\/uploads\/2024\/05\/BA87393.jpg 360w\" sizes=\"auto, (max-width: 480px) 150px\" src=\"https:\/\/prepast.org\/wp-content\/uploads\/2024\/05\/BA87393-1024x682.jpg\" alt=\"Pastor amb ramat de cabra catalana\" class=\"uag-image-2118\" width=\"1024\" height=\"682\" title=\"_BA87393\" loading=\"lazy\" role=\"img\"\/><\/figure><\/div>\n\n\n\n<div style=\"height:50px\" aria-hidden=\"true\" class=\"wp-block-spacer\"><\/div>\n\n\n\n<h3 class=\"wp-block-heading has-medium-font-size\"><strong>Com participar? Ets propietari\/a de finques que es podrien pasturar?<\/strong><\/h3>\n\n\n\n<p>Les persones o entitats interessades en posar les seves finques a disposici\u00f3 del projecte amb la finalitat de ser pasturades, poden contactar a trav\u00e9s de la <a href=\"http:\/\/prepast.org\/es\/resultats\/xarxa-pastures\/\"><strong><em>web de la Xarxa de Pastures<\/em><\/strong><\/a>. S&#8217;estudiar\u00e0 cada proposta i s&#8217;assessorar\u00e0 en la seva integraci\u00f3 a la xarxa, facilitant l\u2019enlla\u00e7 amb ramaders i estructurant el seguiment t\u00e8cnic necessari.<\/p>\n\n\n\n<div class=\"wp-block-uagb-buttons uagb-buttons__outer-wrap uagb-btn__default-btn uagb-btn-tablet__default-btn uagb-btn-mobile__default-btn uagb-block-fb356a75\"><div class=\"uagb-buttons__wrap uagb-buttons-layout-wrap\">\n<div class=\"wp-block-uagb-buttons-child uagb-buttons__outer-wrap uagb-block-e6e450b2 wp-block-button\"><div class=\"uagb-button__wrapper\"><a class=\"uagb-buttons-repeater wp-block-button__link\" aria-label=\"\" href=\"https:\/\/prepast.org\/es\/resultats\/xarxa-pastures\/\" rel=\"follow noopener\" target=\"_self\" role=\"button\"><div class=\"uagb-button__link\">Web de la Xarxa de Pastures<\/div><\/a><\/div><\/div>\n<\/div><\/div>\n\n\n\n<div style=\"height:50px\" aria-hidden=\"true\" class=\"wp-block-spacer\"><\/div>\n\n\n\n<p>La Xarxa de Pastures s\u2019ha desenvolupat en el marc del projecte PREPAST, que compta amb el suport de la Fundaci\u00f3n Biodiversidad del Ministerio para la Transici\u00f3n Ecol\u00f3gica y el Reto Demogr\u00e1fico (MITECO) en el marc del Pla de Recuperaci\u00f3, Transformaci\u00f3 i Resili\u00e8ncia (PRTR), finan\u00e7at per la Uni\u00f3 Europea \u2013 Next GenerationEU.<\/p>\n\n\n\n<p><\/p>","protected":false},"excerpt":{"rendered":"<p>Des del projecte PREPAST es busquen propietaris i propiet\u00e0ries de finques agr\u00edcoles o forestals en des\u00fas o sense activitat ramadera, interessades a sumar-se a la Xarxa de Pastures. Aquesta iniciativa vol promoure la recuperaci\u00f3 del pasturatge extensiu com a eina de gesti\u00f3 del territori, conservaci\u00f3 de la biodiversitat i desenvolupament rural sostenible al Prepirineu. La [&hellip;]<\/p>","protected":false},"author":9,"featured_media":2091,"comment_status":"closed","ping_status":"closed","sticky":false,"template":"","format":"standard","meta":{"_uag_custom_page_level_css":"","site-sidebar-layout":"default","site-content-layout":"","ast-site-content-layout":"narrow-width-container","site-content-style":"default","site-sidebar-style":"default","ast-global-header-display":"","ast-banner-title-visibility":"","ast-main-header-display":"","ast-hfb-above-header-display":"","ast-hfb-below-header-display":"","ast-hfb-mobile-header-display":"","site-post-title":"","ast-breadcrumbs-content":"","ast-featured-img":"","footer-sml-layout":"","ast-disable-related-posts":"","theme-transparent-header-meta":"default","adv-header-id-meta":"","stick-header-meta":"","header-above-stick-meta":"","header-main-stick-meta":"","header-below-stick-meta":"","astra-migrate-meta-layouts":"set","ast-page-background-enabled":"default","ast-page-background-meta":{"desktop":{"background-color":"var(--ast-global-color-4)","background-image":"","background-repeat":"repeat","background-position":"center center","background-size":"auto","background-attachment":"scroll","background-type":"","background-media":"","overlay-type":"","overlay-color":"","overlay-opacity":"","overlay-gradient":""},"tablet":{"background-color":"","background-image":"","background-repeat":"repeat","background-position":"center center","background-size":"auto","background-attachment":"scroll","background-type":"","background-media":"","overlay-type":"","overlay-color":"","overlay-opacity":"","overlay-gradient":""},"mobile":{"background-color":"","background-image":"","background-repeat":"repeat","background-position":"center center","background-size":"auto","background-attachment":"scroll","background-type":"","background-media":"","overlay-type":"","overlay-color":"","overlay-opacity":"","overlay-gradient":""}},"ast-content-background-meta":{"desktop":{"background-color":"var(--ast-global-color-5)","background-image":"","background-repeat":"repeat","background-position":"center center","background-size":"auto","background-attachment":"scroll","background-type":"","background-media":"","overlay-type":"","overlay-color":"","overlay-opacity":"","overlay-gradient":""},"tablet":{"background-color":"var(--ast-global-color-5)","background-image":"","background-repeat":"repeat","background-position":"center center","background-size":"auto","background-attachment":"scroll","background-type":"","background-media":"","overlay-type":"","overlay-color":"","overlay-opacity":"","overlay-gradient":""},"mobile":{"background-color":"var(--ast-global-color-5)","background-image":"","background-repeat":"repeat","background-position":"center center","background-size":"auto","background-attachment":"scroll","background-type":"","background-media":"","overlay-type":"","overlay-color":"","overlay-opacity":"","overlay-gradient":""}},"iawp_total_views":21,"footnotes":""},"categories":[11],"tags":[],"class_list":["post-3223","post","type-post","status-publish","format-standard","has-post-thumbnail","hentry","category-noticies"],"yoast_head":"<!-- This site is optimized with the Yoast SEO plugin v22.6 - https:\/\/yoast.com\/wordpress\/plugins\/seo\/ -->\n<title>Es busquen pastures abandonades - PREPAST<\/title>\n<meta name=\"robots\" content=\"index, follow, max-snippet:-1, max-image-preview:large, max-video-preview:-1\" \/>\n<link rel=\"canonical\" href=\"https:\/\/prepast.org\/es\/es-busquen-pastures\/\" \/>\n<meta property=\"og:locale\" content=\"es_ES\" \/>\n<meta property=\"og:type\" content=\"article\" \/>\n<meta property=\"og:title\" content=\"Es busquen pastures abandonades - PREPAST\" \/>\n<meta property=\"og:description\" content=\"Des del projecte PREPAST es busquen propietaris i propiet\u00e0ries de finques agr\u00edcoles o forestals en des\u00fas o sense activitat ramadera, interessades a sumar-se a la Xarxa de Pastures. Aquesta iniciativa vol promoure la recuperaci\u00f3 del pasturatge extensiu com a eina de gesti\u00f3 del territori, conservaci\u00f3 de la biodiversitat i desenvolupament rural sostenible al Prepirineu. La [&hellip;]\" \/>\n<meta property=\"og:url\" content=\"https:\/\/prepast.org\/es\/es-busquen-pastures\/\" \/>\n<meta property=\"og:site_name\" content=\"PREPAST\" \/>\n<meta property=\"article:published_time\" content=\"2025-11-20T06:53:59+00:00\" \/>\n<meta property=\"article:modified_time\" content=\"2025-11-20T07:34:23+00:00\" \/>\n<meta property=\"og:image\" content=\"https:\/\/prepast.org\/wp-content\/uploads\/2024\/05\/Prepast-12.jpg\" \/>\n\t<meta property=\"og:image:width\" content=\"2032\" \/>\n\t<meta property=\"og:image:height\" content=\"1268\" \/>\n\t<meta property=\"og:image:type\" content=\"image\/jpeg\" \/>\n<meta name=\"author\" content=\"gestiolasabina\" \/>\n<meta name=\"twitter:card\" content=\"summary_large_image\" \/>\n<meta name=\"twitter:creator\" content=\"@projecteprepast\" \/>\n<meta name=\"twitter:site\" content=\"@projecteprepast\" \/>\n<meta name=\"twitter:label1\" content=\"Escrito por\" \/>\n\t<meta name=\"twitter:data1\" content=\"gestiolasabina\" \/>\n\t<meta name=\"twitter:label2\" content=\"Tiempo de lectura\" \/>\n\t<meta name=\"twitter:data2\" content=\"5 minutos\" \/>\n<script type=\"application\/ld+json\" class=\"yoast-schema-graph\">{\"@context\":\"https:\/\/schema.org\",\"@graph\":[{\"@type\":\"Article\",\"@id\":\"https:\/\/prepast.org\/es-busquen-pastures\/#article\",\"isPartOf\":{\"@id\":\"https:\/\/prepast.org\/es-busquen-pastures\/\"},\"author\":{\"name\":\"gestiolasabina\",\"@id\":\"https:\/\/prepast.org\/#\/schema\/person\/b4c8f4ec3cbcb15de67aee56fe2bce77\"},\"headline\":\"Es busquen pastures abandonades\",\"datePublished\":\"2025-11-20T06:53:59+00:00\",\"dateModified\":\"2025-11-20T07:34:23+00:00\",\"mainEntityOfPage\":{\"@id\":\"https:\/\/prepast.org\/es-busquen-pastures\/\"},\"wordCount\":704,\"publisher\":{\"@id\":\"https:\/\/prepast.org\/#organization\"},\"image\":{\"@id\":\"https:\/\/prepast.org\/es-busquen-pastures\/#primaryimage\"},\"thumbnailUrl\":\"https:\/\/prepast.org\/wp-content\/uploads\/2024\/05\/Prepast-12.jpg\",\"articleSection\":[\"Not\u00edcies\"],\"inLanguage\":\"es\"},{\"@type\":\"WebPage\",\"@id\":\"https:\/\/prepast.org\/es-busquen-pastures\/\",\"url\":\"https:\/\/prepast.org\/es-busquen-pastures\/\",\"name\":\"Es busquen pastures abandonades - PREPAST\",\"isPartOf\":{\"@id\":\"https:\/\/prepast.org\/#website\"},\"primaryImageOfPage\":{\"@id\":\"https:\/\/prepast.org\/es-busquen-pastures\/#primaryimage\"},\"image\":{\"@id\":\"https:\/\/prepast.org\/es-busquen-pastures\/#primaryimage\"},\"thumbnailUrl\":\"https:\/\/prepast.org\/wp-content\/uploads\/2024\/05\/Prepast-12.jpg\",\"datePublished\":\"2025-11-20T06:53:59+00:00\",\"dateModified\":\"2025-11-20T07:34:23+00:00\",\"breadcrumb\":{\"@id\":\"https:\/\/prepast.org\/es-busquen-pastures\/#breadcrumb\"},\"inLanguage\":\"es\",\"potentialAction\":[{\"@type\":\"ReadAction\",\"target\":[\"https:\/\/prepast.org\/es-busquen-pastures\/\"]}]},{\"@type\":\"ImageObject\",\"inLanguage\":\"es\",\"@id\":\"https:\/\/prepast.org\/es-busquen-pastures\/#primaryimage\",\"url\":\"https:\/\/prepast.org\/wp-content\/uploads\/2024\/05\/Prepast-12.jpg\",\"contentUrl\":\"https:\/\/prepast.org\/wp-content\/uploads\/2024\/05\/Prepast-12.jpg\",\"width\":2032,\"height\":1268,\"caption\":\"Ramat d'ovelles en una bassa\"},{\"@type\":\"BreadcrumbList\",\"@id\":\"https:\/\/prepast.org\/es-busquen-pastures\/#breadcrumb\",\"itemListElement\":[{\"@type\":\"ListItem\",\"position\":1,\"name\":\"Inici\",\"item\":\"https:\/\/prepast.org\/\"},{\"@type\":\"ListItem\",\"position\":2,\"name\":\"Es busquen pastures abandonades\"}]},{\"@type\":\"WebSite\",\"@id\":\"https:\/\/prepast.org\/#website\",\"url\":\"https:\/\/prepast.org\/\",\"name\":\"PREPAST\",\"description\":\"Pastures del Prepirineu\",\"publisher\":{\"@id\":\"https:\/\/prepast.org\/#organization\"},\"potentialAction\":[{\"@type\":\"SearchAction\",\"target\":{\"@type\":\"EntryPoint\",\"urlTemplate\":\"https:\/\/prepast.org\/?s={search_term_string}\"},\"query-input\":\"required name=search_term_string\"}],\"inLanguage\":\"es\"},{\"@type\":\"Organization\",\"@id\":\"https:\/\/prepast.org\/#organization\",\"name\":\"PREPAST\",\"url\":\"https:\/\/prepast.org\/\",\"logo\":{\"@type\":\"ImageObject\",\"inLanguage\":\"es\",\"@id\":\"https:\/\/prepast.org\/#\/schema\/logo\/image\/\",\"url\":\"https:\/\/prepast.org\/wp-content\/uploads\/2024\/03\/LOGO-PREPAST.png\",\"contentUrl\":\"https:\/\/prepast.org\/wp-content\/uploads\/2024\/03\/LOGO-PREPAST.png\",\"width\":1095,\"height\":1095,\"caption\":\"PREPAST\"},\"image\":{\"@id\":\"https:\/\/prepast.org\/#\/schema\/logo\/image\/\"},\"sameAs\":[\"https:\/\/x.com\/projecteprepast\",\"https:\/\/www.instagram.com\/projecteprepast\/\"]},{\"@type\":\"Person\",\"@id\":\"https:\/\/prepast.org\/#\/schema\/person\/b4c8f4ec3cbcb15de67aee56fe2bce77\",\"name\":\"gestiolasabina\",\"image\":{\"@type\":\"ImageObject\",\"inLanguage\":\"es\",\"@id\":\"https:\/\/prepast.org\/#\/schema\/person\/image\/\",\"url\":\"https:\/\/secure.gravatar.com\/avatar\/74ecbf952657685a15058cbf09e617497d25b2b61d7cea9c4f786d954d109060?s=96&d=mm&r=g\",\"contentUrl\":\"https:\/\/secure.gravatar.com\/avatar\/74ecbf952657685a15058cbf09e617497d25b2b61d7cea9c4f786d954d109060?s=96&d=mm&r=g\",\"caption\":\"gestiolasabina\"},\"url\":\"https:\/\/prepast.org\/es\/author\/gestiolasabina\/\"}]}<\/script>\n<!-- \/ Yoast SEO plugin. -->","yoast_head_json":{"title":"Es busquen pastures abandonades - PREPAST","robots":{"index":"index","follow":"follow","max-snippet":"max-snippet:-1","max-image-preview":"max-image-preview:large","max-video-preview":"max-video-preview:-1"},"canonical":"https:\/\/prepast.org\/es\/es-busquen-pastures\/","og_locale":"es_ES","og_type":"article","og_title":"Es busquen pastures abandonades - PREPAST","og_description":"Des del projecte PREPAST es busquen propietaris i propiet\u00e0ries de finques agr\u00edcoles o forestals en des\u00fas o sense activitat ramadera, interessades a sumar-se a la Xarxa de Pastures. Aquesta iniciativa vol promoure la recuperaci\u00f3 del pasturatge extensiu com a eina de gesti\u00f3 del territori, conservaci\u00f3 de la biodiversitat i desenvolupament rural sostenible al Prepirineu. La [&hellip;]","og_url":"https:\/\/prepast.org\/es\/es-busquen-pastures\/","og_site_name":"PREPAST","article_published_time":"2025-11-20T06:53:59+00:00","article_modified_time":"2025-11-20T07:34:23+00:00","og_image":[{"width":2032,"height":1268,"url":"https:\/\/prepast.org\/wp-content\/uploads\/2024\/05\/Prepast-12.jpg","type":"image\/jpeg"}],"author":"gestiolasabina","twitter_card":"summary_large_image","twitter_creator":"@projecteprepast","twitter_site":"@projecteprepast","twitter_misc":{"Escrito por":"gestiolasabina","Tiempo de lectura":"5 minutos"},"schema":{"@context":"https:\/\/schema.org","@graph":[{"@type":"Article","@id":"https:\/\/prepast.org\/es-busquen-pastures\/#article","isPartOf":{"@id":"https:\/\/prepast.org\/es-busquen-pastures\/"},"author":{"name":"gestiolasabina","@id":"https:\/\/prepast.org\/#\/schema\/person\/b4c8f4ec3cbcb15de67aee56fe2bce77"},"headline":"Es busquen pastures abandonades","datePublished":"2025-11-20T06:53:59+00:00","dateModified":"2025-11-20T07:34:23+00:00","mainEntityOfPage":{"@id":"https:\/\/prepast.org\/es-busquen-pastures\/"},"wordCount":704,"publisher":{"@id":"https:\/\/prepast.org\/#organization"},"image":{"@id":"https:\/\/prepast.org\/es-busquen-pastures\/#primaryimage"},"thumbnailUrl":"https:\/\/prepast.org\/wp-content\/uploads\/2024\/05\/Prepast-12.jpg","articleSection":["Not\u00edcies"],"inLanguage":"es"},{"@type":"WebPage","@id":"https:\/\/prepast.org\/es-busquen-pastures\/","url":"https:\/\/prepast.org\/es-busquen-pastures\/","name":"Es busquen pastures abandonades - PREPAST","isPartOf":{"@id":"https:\/\/prepast.org\/#website"},"primaryImageOfPage":{"@id":"https:\/\/prepast.org\/es-busquen-pastures\/#primaryimage"},"image":{"@id":"https:\/\/prepast.org\/es-busquen-pastures\/#primaryimage"},"thumbnailUrl":"https:\/\/prepast.org\/wp-content\/uploads\/2024\/05\/Prepast-12.jpg","datePublished":"2025-11-20T06:53:59+00:00","dateModified":"2025-11-20T07:34:23+00:00","breadcrumb":{"@id":"https:\/\/prepast.org\/es-busquen-pastures\/#breadcrumb"},"inLanguage":"es","potentialAction":[{"@type":"ReadAction","target":["https:\/\/prepast.org\/es-busquen-pastures\/"]}]},{"@type":"ImageObject","inLanguage":"es","@id":"https:\/\/prepast.org\/es-busquen-pastures\/#primaryimage","url":"https:\/\/prepast.org\/wp-content\/uploads\/2024\/05\/Prepast-12.jpg","contentUrl":"https:\/\/prepast.org\/wp-content\/uploads\/2024\/05\/Prepast-12.jpg","width":2032,"height":1268,"caption":"Ramat d'ovelles en una bassa"},{"@type":"BreadcrumbList","@id":"https:\/\/prepast.org\/es-busquen-pastures\/#breadcrumb","itemListElement":[{"@type":"ListItem","position":1,"name":"Inici","item":"https:\/\/prepast.org\/"},{"@type":"ListItem","position":2,"name":"Es busquen pastures abandonades"}]},{"@type":"WebSite","@id":"https:\/\/prepast.org\/#website","url":"https:\/\/prepast.org\/","name":"PREPAST","description":"Pastos del Prepirineo","publisher":{"@id":"https:\/\/prepast.org\/#organization"},"potentialAction":[{"@type":"SearchAction","target":{"@type":"EntryPoint","urlTemplate":"https:\/\/prepast.org\/?s={search_term_string}"},"query-input":"required name=search_term_string"}],"inLanguage":"es"},{"@type":"Organization","@id":"https:\/\/prepast.org\/#organization","name":"PREPAST","url":"https:\/\/prepast.org\/","logo":{"@type":"ImageObject","inLanguage":"es","@id":"https:\/\/prepast.org\/#\/schema\/logo\/image\/","url":"https:\/\/prepast.org\/wp-content\/uploads\/2024\/03\/LOGO-PREPAST.png","contentUrl":"https:\/\/prepast.org\/wp-content\/uploads\/2024\/03\/LOGO-PREPAST.png","width":1095,"height":1095,"caption":"PREPAST"},"image":{"@id":"https:\/\/prepast.org\/#\/schema\/logo\/image\/"},"sameAs":["https:\/\/x.com\/projecteprepast","https:\/\/www.instagram.com\/projecteprepast\/"]},{"@type":"Person","@id":"https:\/\/prepast.org\/#\/schema\/person\/b4c8f4ec3cbcb15de67aee56fe2bce77","name":"gestiolasabina","image":{"@type":"ImageObject","inLanguage":"es","@id":"https:\/\/prepast.org\/#\/schema\/person\/image\/","url":"https:\/\/secure.gravatar.com\/avatar\/74ecbf952657685a15058cbf09e617497d25b2b61d7cea9c4f786d954d109060?s=96&d=mm&r=g","contentUrl":"https:\/\/secure.gravatar.com\/avatar\/74ecbf952657685a15058cbf09e617497d25b2b61d7cea9c4f786d954d109060?s=96&d=mm&r=g","caption":"gestiolasabina"},"url":"https:\/\/prepast.org\/es\/author\/gestiolasabina\/"}]}},"uagb_featured_image_src":{"full":["https:\/\/prepast.org\/wp-content\/uploads\/2024\/05\/Prepast-12.jpg",2032,1268,false],"thumbnail":["https:\/\/prepast.org\/wp-content\/uploads\/2024\/05\/Prepast-12-150x150.jpg",150,150,true],"medium":["https:\/\/prepast.org\/wp-content\/uploads\/2024\/05\/Prepast-12-300x187.jpg",300,187,true],"medium_large":["https:\/\/prepast.org\/wp-content\/uploads\/2024\/05\/Prepast-12-768x479.jpg",768,479,true],"large":["https:\/\/prepast.org\/wp-content\/uploads\/2024\/05\/Prepast-12-1024x639.jpg",1024,639,true],"1536x1536":["https:\/\/prepast.org\/wp-content\/uploads\/2024\/05\/Prepast-12-1536x958.jpg",1536,958,true],"2048x2048":["https:\/\/prepast.org\/wp-content\/uploads\/2024\/05\/Prepast-12.jpg",2032,1268,false],"trp-custom-language-flag":["https:\/\/prepast.org\/wp-content\/uploads\/2024\/05\/Prepast-12-18x12.jpg",18,12,true]},"uagb_author_info":{"display_name":"gestiolasabina","author_link":"https:\/\/prepast.org\/es\/author\/gestiolasabina\/"},"uagb_comment_info":0,"uagb_excerpt":"Des del projecte PREPAST es busquen propietaris i propiet\u00e0ries de finques agr\u00edcoles o forestals en des\u00fas o sense activitat ramadera, interessades a sumar-se a la Xarxa de Pastures. Aquesta iniciativa vol promoure la recuperaci\u00f3 del pasturatge extensiu com a eina de gesti\u00f3 del territori, conservaci\u00f3 de la biodiversitat i desenvolupament rural sostenible al Prepirineu. La&hellip;","_links":{"self":[{"href":"https:\/\/prepast.org\/es\/wp-json\/wp\/v2\/posts\/3223","targetHints":{"allow":["GET"]}}],"collection":[{"href":"https:\/\/prepast.org\/es\/wp-json\/wp\/v2\/posts"}],"about":[{"href":"https:\/\/prepast.org\/es\/wp-json\/wp\/v2\/types\/post"}],"author":[{"embeddable":true,"href":"https:\/\/prepast.org\/es\/wp-json\/wp\/v2\/users\/9"}],"replies":[{"embeddable":true,"href":"https:\/\/prepast.org\/es\/wp-json\/wp\/v2\/comments?post=3223"}],"version-history":[{"count":7,"href":"https:\/\/prepast.org\/es\/wp-json\/wp\/v2\/posts\/3223\/revisions"}],"predecessor-version":[{"id":3235,"href":"https:\/\/prepast.org\/es\/wp-json\/wp\/v2\/posts\/3223\/revisions\/3235"}],"wp:featuredmedia":[{"embeddable":true,"href":"https:\/\/prepast.org\/es\/wp-json\/wp\/v2\/media\/2091"}],"wp:attachment":[{"href":"https:\/\/prepast.org\/es\/wp-json\/wp\/v2\/media?parent=3223"}],"wp:term":[{"taxonomy":"category","embeddable":true,"href":"https:\/\/prepast.org\/es\/wp-json\/wp\/v2\/categories?post=3223"},{"taxonomy":"post_tag","embeddable":true,"href":"https:\/\/prepast.org\/es\/wp-json\/wp\/v2\/tags?post=3223"}],"curies":[{"name":"wp","href":"https:\/\/api.w.org\/{rel}","templated":true}]}}